{"id":3220,"date":"2023-07-17T02:22:00","date_gmt":"2023-07-17T05:22:00","guid":{"rendered":"http:\/\/hdpnoticias.com.ar\/?p=3220"},"modified":"2023-07-17T07:29:37","modified_gmt":"2023-07-17T10:29:37","slug":"juntos-por-el-cambio-aplasto-al-peronismo-en-santa-fe","status":"publish","type":"post","link":"https:\/\/hdpnoticias.com.ar\/?p=3220","title":{"rendered":"Juntos por el Cambio aplast\u00f3 al peronismo en Santa Fe"},"content":{"rendered":"\n<p>El peronismo sufri\u00f3 una hist\u00f3rica derrota en las primarias abiertas, simult\u00e1neas y obligatorias de este domingo en Santa Fe y todo indica que perder\u00e1 el Gobierno de la provincia.<\/p>\n\n\n\n<p>El frente opositor Unidos para Cambiar Santa Fe consigui\u00f3 el 63,5% de los votos contra el 27,93 del oficialista Juntos Avancemos.<\/p>\n\n\n\n<p>En la interna de Unidos, Maximiliano Pullaro super\u00f3 con el 32,55% a Carolina Losada, que consigui\u00f3 21,56%, y en tercer lugar se ubic\u00f3 M\u00f3nica Fein con el 8,94.<\/p>\n\n\n\n<p>Marcelo Lewandowski gan\u00f3 en el oficialismo con 17,89%, superando a Marcos Cleri, Eduardo Tonioli y Leandro Busatto con 4,15; 3,12 y 2,77%, respectivamente.<\/p>\n\n\n\n<p>Edelvino Bordoira, candidato de Viva la Libertad, sum\u00f3 3,02% de los votos.<\/p>\n\n\n\n<p>Referentes nacionales de Juntos por el Cambio, encabezados por el jefe de Gobierno porte\u00f1o: Horacio Rodr\u00edguez Larreta, viajaron para los festejos en Santa Fe. En frente, los candidatos oficialistas dijeron a \u00faltima hora que a\u00fan no hab\u00edan recibido ni un llamado del presidente Alberto Fern\u00e1ndez ni de la vicepresidente Cristina Fern\u00e1ndez.<\/p>\n","protected":false},"excerpt":{"rendered":"<p>El peronismo sufri\u00f3 una hist\u00f3rica derrota en las primarias abiertas, simult\u00e1neas y obligatorias de este domingo en Santa Fe y todo indica que perder\u00e1 el Gobierno de la provincia. El frente opositor Unidos para Cambiar Santa Fe consigui\u00f3 el 63,5% de los votos contra el 27,93 del oficialista Juntos Avancemos. En la interna de Unidos, [&hellip;]<\/p>\n","protected":false},"author":1,"featured_media":3221,"comment_status":"open","ping_status":"open","sticky":false,"template":"","format":"standard","meta":{"footnotes":""},"categories":[27],"tags":[36,1583,2059,2058,249,1337,245,2057,716,1656],"class_list":["post-3220","post","type-post","status-publish","format-standard","has-post-thumbnail","hentry","category-politica","tag-gobierno","tag-juntos","tag-lewandowski","tag-losada","tag-paso","tag-peronismo","tag-primarias","tag-pullaron","tag-santa-fe","tag-unidos"],"_links":{"self":[{"href":"https:\/\/hdpnoticias.com.ar\/index.php?rest_route=\/wp\/v2\/posts\/3220","targetHints":{"allow":["GET"]}}],"collection":[{"href":"https:\/\/hdpnoticias.com.ar\/index.php?rest_route=\/wp\/v2\/posts"}],"about":[{"href":"https:\/\/hdpnoticias.com.ar\/index.php?rest_route=\/wp\/v2\/types\/post"}],"author":[{"embeddable":true,"href":"https:\/\/hdpnoticias.com.ar\/index.php?rest_route=\/wp\/v2\/users\/1"}],"replies":[{"embeddable":true,"href":"https:\/\/hdpnoticias.com.ar\/index.php?rest_route=%2Fwp%2Fv2%2Fcomments&post=3220"}],"version-history":[{"count":1,"href":"https:\/\/hdpnoticias.com.ar\/index.php?rest_route=\/wp\/v2\/posts\/3220\/revisions"}],"predecessor-version":[{"id":3222,"href":"https:\/\/hdpnoticias.com.ar\/index.php?rest_route=\/wp\/v2\/posts\/3220\/revisions\/3222"}],"wp:featuredmedia":[{"embeddable":true,"href":"https:\/\/hdpnoticias.com.ar\/index.php?rest_route=\/wp\/v2\/media\/3221"}],"wp:attachment":[{"href":"https:\/\/hdpnoticias.com.ar\/index.php?rest_route=%2Fwp%2Fv2%2Fmedia&parent=3220"}],"wp:term":[{"taxonomy":"category","embeddable":true,"href":"https:\/\/hdpnoticias.com.ar\/index.php?rest_route=%2Fwp%2Fv2%2Fcategories&post=3220"},{"taxonomy":"post_tag","embeddable":true,"href":"https:\/\/hdpnoticias.com.ar\/index.php?rest_route=%2Fwp%2Fv2%2Ftags&post=3220"}],"curies":[{"name":"wp","href":"https:\/\/api.w.org\/{rel}","templated":true}]}}