{"id":3202,"date":"2023-07-15T12:00:09","date_gmt":"2023-07-15T15:00:09","guid":{"rendered":"http:\/\/hdpnoticias.com.ar\/?p=3202"},"modified":"2023-08-16T06:12:10","modified_gmt":"2023-08-16T09:12:10","slug":"motochorros-balearon-a-policia-de-la-casa-de-gobierno-en-la-zona-sur-de-resistencia","status":"publish","type":"post","link":"https:\/\/hdpnoticias.com.ar\/?p=3202","title":{"rendered":"Motochorros balearon a polic\u00eda de la Casa de Gobierno en la zona sur de Resistencia"},"content":{"rendered":"\n<p>La madrugada de este s\u00e1bado H\u00e9ctor Moreno, de 30 a\u00f1os, cabo de la Polic\u00eda del Chaco que presta servicio en la Casa de Gobierno, fue baleado en la nuca en un intento de asaldo en la calle Lisandro De la Torre al 2300, en la zona sur de Resistencia.<\/p>\n\n\n\n<p>Circulaba como acompa\u00f1ante en una Honda Wave conducida por una sargento de 35 a\u00f1os, que tambi\u00e9n integra la guardia de la Casa de Gobierrno, cuando fueron interceptados por 4 motochorros a bordo de 2 motocicletas.<\/p>\n\n\n\n<p>Los delincuentes pretend\u00edan robarles la moto pero, aparentemente, al reconocerlos, efectuaron un disparo que impact\u00f3 en el cuello de Moreno y se dieron a la fuga.<\/p>\n\n\n\n<p>El polic\u00eda fue auxiliado y trasladado al hospital Perrando a bordo de un patrullero de la Comisar\u00eda S\u00e9ptima.<\/p>\n\n\n\n<p>Le diagnosticaron herida de arma de fuego con lesi\u00f3n cervical y proyectil alojado. Fue intervenido quir\u00fargicamente y permanece en terapia intensiva con asistencia respiratoria mec\u00e1nica.<\/p>\n\n\n\n<p><strong>Zona sur caliente<\/strong><\/p>\n\n\n\n<p>El fin de semana pasado un efectivo del COM intent\u00f3 evitar un robo en la avenida Castelli, frente al Parque Urbano Tiro Federal, tambi\u00e9n en la zona sur, y <strong><a href=\"http:\/\/hdpnoticias.com.ar\/?p=3049\" target=\"_blank\" rel=\"noreferrer noopener\">fue baleado en una pierna<\/a><\/strong>.<\/p>\n","protected":false},"excerpt":{"rendered":"<p>La madrugada de este s\u00e1bado H\u00e9ctor Moreno, de 30 a\u00f1os, cabo de la Polic\u00eda del Chaco que presta servicio en la Casa de Gobierno, fue baleado en la nuca en un intento de asaldo en la calle Lisandro De la Torre al 2300, en la zona sur de Resistencia. Circulaba como acompa\u00f1ante en una Honda [&hellip;]<\/p>\n","protected":false},"author":1,"featured_media":2347,"comment_status":"open","ping_status":"open","sticky":false,"template":"","format":"standard","meta":{"footnotes":""},"categories":[26],"tags":[384,767,73,40,55,49,1535,97],"class_list":["post-3202","post","type-post","status-publish","format-standard","has-post-thumbnail","hentry","category-policiales","tag-baleado","tag-casa-de-gobierno","tag-motochorros","tag-perrando","tag-policia","tag-resistencia","tag-tiro-federal","tag-zona-sur"],"_links":{"self":[{"href":"https:\/\/hdpnoticias.com.ar\/index.php?rest_route=\/wp\/v2\/posts\/3202","targetHints":{"allow":["GET"]}}],"collection":[{"href":"https:\/\/hdpnoticias.com.ar\/index.php?rest_route=\/wp\/v2\/posts"}],"about":[{"href":"https:\/\/hdpnoticias.com.ar\/index.php?rest_route=\/wp\/v2\/types\/post"}],"author":[{"embeddable":true,"href":"https:\/\/hdpnoticias.com.ar\/index.php?rest_route=\/wp\/v2\/users\/1"}],"replies":[{"embeddable":true,"href":"https:\/\/hdpnoticias.com.ar\/index.php?rest_route=%2Fwp%2Fv2%2Fcomments&post=3202"}],"version-history":[{"count":4,"href":"https:\/\/hdpnoticias.com.ar\/index.php?rest_route=\/wp\/v2\/posts\/3202\/revisions"}],"predecessor-version":[{"id":3667,"href":"https:\/\/hdpnoticias.com.ar\/index.php?rest_route=\/wp\/v2\/posts\/3202\/revisions\/3667"}],"wp:featuredmedia":[{"embeddable":true,"href":"https:\/\/hdpnoticias.com.ar\/index.php?rest_route=\/wp\/v2\/media\/2347"}],"wp:attachment":[{"href":"https:\/\/hdpnoticias.com.ar\/index.php?rest_route=%2Fwp%2Fv2%2Fmedia&parent=3202"}],"wp:term":[{"taxonomy":"category","embeddable":true,"href":"https:\/\/hdpnoticias.com.ar\/index.php?rest_route=%2Fwp%2Fv2%2Fcategories&post=3202"},{"taxonomy":"post_tag","embeddable":true,"href":"https:\/\/hdpnoticias.com.ar\/index.php?rest_route=%2Fwp%2Fv2%2Ftags&post=3202"}],"curies":[{"name":"wp","href":"https:\/\/api.w.org\/{rel}","templated":true}]}}