{"id":3158,"date":"2023-07-12T09:46:22","date_gmt":"2023-07-12T12:46:22","guid":{"rendered":"http:\/\/hdpnoticias.com.ar\/?p=3158"},"modified":"2023-09-19T20:51:49","modified_gmt":"2023-09-19T23:51:49","slug":"timerman-y-la-division-del-peronismo-en-chaco-capitanich-se-equivoco-y-esta-complicado","status":"publish","type":"post","link":"https:\/\/hdpnoticias.com.ar\/?p=3158","title":{"rendered":"Timerman y la divisi\u00f3n del peronismo en Chaco: Capitanich se equivoc\u00f3 y est\u00e1 complicado"},"content":{"rendered":"\n<p>El consultor y analista pol\u00edtico Ra\u00fal Timerman, entrevistado en la TV P\u00fablica, dio su visi\u00f3n del escenario electoral en las provincias y c\u00f3mo podr\u00edan incidir los resultados locales en el contexto nacional.<\/p>\n\n\n\n<p>\u201cLa militancia ya no existe\u201d, asever\u00f3, en referencia a \u201cla falta de organizaci\u00f3n pol\u00edtica con militantes trabajando para juntar gente para esa pol\u00edtica, sin pensar en un cargo, participando de reuniones y discutiendo\u201d.<\/p>\n\n\n\n<p>\u201cSan juan fue un ejemplo de falta de militancia peronista. Es incre\u00edble que el peronismo haya perdido una elecci\u00f3n as\u00ed. Es incre\u00edble que U\u00f1ac haya sacado 16 puntos\u201d, dijo analizando la reciente derrota del oficialismo a manos de Juntos por el Cambio, que le cost\u00f3 el Gobierno de la provincia despu\u00e9s de 20 a\u00f1os.<\/p>\n\n\n\n<p>Y agreg\u00f3 que \u201cno fue por la Corte\u201d que primero suspendi\u00f3 las elecciones gubernamentales y despu\u00e9s vet\u00f3 la reelecci\u00f3n de Sergio U\u00f1ac al fallar que exced\u00eda el tope de reelecciones prescriptos por la Constituci\u00f3n provincial. \u201cFue por los errores que cometieron\u201d, remat\u00f3.<\/p>\n\n\n\n<p>\u201cOtro que se equivoca es Coqui Capitanich: tiene 5 listas peronistas\u201d, plante\u00f3 sobre la divisi\u00f3n del peronismo en Chaco.<\/p>\n\n\n\n<p>Y al fundamentar, mencion\u00f3 al intendente de Resistencia: Gustavo Mart\u00ednez, de CER; el exvicegobernador Juan Carlos Bacileff Ivanoff, del Frente Integrador, y el exgobernador Domingo Peppo, de Todos Unidos, que decidieron enfrentarlo por la gobernaci\u00f3n, m\u00e1s el exministro de Econom\u00eda de Capitanich: Eduardo Aguilar, exdiputado provincial y exsenador, que tambi\u00e9n compite con un frente propio, aunque por la intendencia de Resistencia.<\/p>\n\n\n\n<p>Y para completar observ\u00f3: \u201cEl caso particular, muy interesante, es el de Gustavo Mart\u00ednez, que tiene organizada la militancia hasta el d\u00eda de la elecci\u00f3n, saben a qui\u00e9n hay que ir a buscar para llevar a votar, y lo demostr\u00f3 en 2021, cuando se perdieron las paso pero en las generales se revirti\u00f3, principalmente, porque la brecha se achic\u00f3 mucho por Resistencia\u201d.<\/p>\n","protected":false},"excerpt":{"rendered":"<p>El consultor y analista pol\u00edtico Ra\u00fal Timerman, entrevistado en la TV P\u00fablica, dio su visi\u00f3n del escenario electoral en las provincias y c\u00f3mo podr\u00edan incidir los resultados locales en el contexto nacional. \u201cLa militancia ya no existe\u201d, asever\u00f3, en referencia a \u201cla falta de organizaci\u00f3n pol\u00edtica con militantes trabajando para juntar gente para esa pol\u00edtica, [&hellip;]<\/p>\n","protected":false},"author":1,"featured_media":3159,"comment_status":"open","ping_status":"open","sticky":false,"template":"","format":"standard","meta":{"footnotes":""},"categories":[27],"tags":[243,29,37,242,1123,241,1337,1513,1662,2028,1516],"class_list":["post-3158","post","type-post","status-publish","format-standard","has-post-thumbnail","hentry","category-politica","tag-bacileff-ivanoff","tag-capitanich","tag-chaco","tag-gustavo","tag-militancia","tag-peppo","tag-peronismo","tag-san-juan","tag-timerman","tag-tv-publica","tag-unac"],"_links":{"self":[{"href":"https:\/\/hdpnoticias.com.ar\/index.php?rest_route=\/wp\/v2\/posts\/3158","targetHints":{"allow":["GET"]}}],"collection":[{"href":"https:\/\/hdpnoticias.com.ar\/index.php?rest_route=\/wp\/v2\/posts"}],"about":[{"href":"https:\/\/hdpnoticias.com.ar\/index.php?rest_route=\/wp\/v2\/types\/post"}],"author":[{"embeddable":true,"href":"https:\/\/hdpnoticias.com.ar\/index.php?rest_route=\/wp\/v2\/users\/1"}],"replies":[{"embeddable":true,"href":"https:\/\/hdpnoticias.com.ar\/index.php?rest_route=%2Fwp%2Fv2%2Fcomments&post=3158"}],"version-history":[{"count":1,"href":"https:\/\/hdpnoticias.com.ar\/index.php?rest_route=\/wp\/v2\/posts\/3158\/revisions"}],"predecessor-version":[{"id":3160,"href":"https:\/\/hdpnoticias.com.ar\/index.php?rest_route=\/wp\/v2\/posts\/3158\/revisions\/3160"}],"wp:featuredmedia":[{"embeddable":true,"href":"https:\/\/hdpnoticias.com.ar\/index.php?rest_route=\/wp\/v2\/media\/3159"}],"wp:attachment":[{"href":"https:\/\/hdpnoticias.com.ar\/index.php?rest_route=%2Fwp%2Fv2%2Fmedia&parent=3158"}],"wp:term":[{"taxonomy":"category","embeddable":true,"href":"https:\/\/hdpnoticias.com.ar\/index.php?rest_route=%2Fwp%2Fv2%2Fcategories&post=3158"},{"taxonomy":"post_tag","embeddable":true,"href":"https:\/\/hdpnoticias.com.ar\/index.php?rest_route=%2Fwp%2Fv2%2Ftags&post=3158"}],"curies":[{"name":"wp","href":"https:\/\/api.w.org\/{rel}","templated":true}]}}