{"id":3155,"date":"2023-07-11T21:55:06","date_gmt":"2023-07-12T00:55:06","guid":{"rendered":"http:\/\/hdpnoticias.com.ar\/?p=3155"},"modified":"2023-07-11T21:55:08","modified_gmt":"2023-07-12T00:55:08","slug":"otra-jornada-de-protestas-corridas-y-piqueteros-presos-en-resistencia","status":"publish","type":"post","link":"https:\/\/hdpnoticias.com.ar\/?p=3155","title":{"rendered":"Otra jornada de protestas, corridas y piqueteros presos en Resistencia"},"content":{"rendered":"\n<p>El impacto pol\u00edtico del <strong><a href=\"http:\/\/hdpnoticias.com.ar\/?p=3144\" target=\"_blank\" rel=\"noreferrer noopener\">caso Cecilia forz\u00f3 al gobernador Jorge Capitanich a modificar su mirada<\/a><\/strong> sobre las protestas de los movimientos sociales, principalmente en el microcentro de Resistencia y las rutas de acceso a la ciudad.<\/p>\n\n\n\n<p>Este martes el Ministerio de <strong><a href=\"http:\/\/hdpnoticias.com.ar\/?p=3027\" target=\"_blank\" rel=\"noreferrer noopener\">Seguridad y Justicia volvi\u00f3 a desplegar un enorme operativo policial<\/a><\/strong> para evitar que los grupos piqueteros llegaran a la Casa de Gobierno.<\/p>\n\n\n\n<p>Desde primeras horas de la ma\u00f1ana las organizaciones se concentraron en distintos puntos para avanzar hacia la plaza 25 de Mayo.<\/p>\n\n\n\n<p>Esta vez los manifestantes portaban hondas con las que lanzaron proyectiles contra los efectivos y patrulleros en medio de corridas sobre la plaza y calles del microcentro, incluida la peatonal.<\/p>\n\n\n\n<p>Como saldo, varios activistas fueron detenidos. No se reportaron da\u00f1os a comercios ni a veh\u00edculos particulares.<\/p>\n\n\n\n<p>Los movimientos prometen recrudecer la protesta en demanda de asistencia social y la reactivaci\u00f3n de los convenios con las cooperativas de trabajo.<\/p>\n\n\n\n<p>Entienden que el Gobierno aprovecha la situaci\u00f3n del dirigente social Emerenciano Sena, su pareja y su hijo, imputados por el asesinato de Cecilia Strzyzowski, para recortar convenios.<\/p>\n\n\n\n<p>En los \u00faltimos d\u00edas lanzaron una convocatoria a trav\u00e9s de las redes sociales para <strong><a href=\"http:\/\/hdpnoticias.com.ar\/?p=3067\" target=\"_blank\" rel=\"noreferrer noopener\">\u201csalir a la calle\u201d en defensa de Sena<\/a><\/strong>.<\/p>\n","protected":false},"excerpt":{"rendered":"<p>El impacto pol\u00edtico del caso Cecilia forz\u00f3 al gobernador Jorge Capitanich a modificar su mirada sobre las protestas de los movimientos sociales, principalmente en el microcentro de Resistencia y las rutas de acceso a la ciudad. Este martes el Ministerio de Seguridad y Justicia volvi\u00f3 a desplegar un enorme operativo policial para evitar que los [&hellip;]<\/p>\n","protected":false},"author":1,"featured_media":3156,"comment_status":"open","ping_status":"open","sticky":false,"template":"","format":"standard","meta":{"footnotes":""},"categories":[27],"tags":[29,1813,793,283,1986,265,55,658],"class_list":["post-3155","post","type-post","status-publish","format-standard","has-post-thumbnail","hentry","category-politica","tag-capitanich","tag-cecilia","tag-emerenciano","tag-homicidio","tag-movimientos","tag-piqueteros","tag-policia","tag-protesta"],"_links":{"self":[{"href":"https:\/\/hdpnoticias.com.ar\/index.php?rest_route=\/wp\/v2\/posts\/3155","targetHints":{"allow":["GET"]}}],"collection":[{"href":"https:\/\/hdpnoticias.com.ar\/index.php?rest_route=\/wp\/v2\/posts"}],"about":[{"href":"https:\/\/hdpnoticias.com.ar\/index.php?rest_route=\/wp\/v2\/types\/post"}],"author":[{"embeddable":true,"href":"https:\/\/hdpnoticias.com.ar\/index.php?rest_route=\/wp\/v2\/users\/1"}],"replies":[{"embeddable":true,"href":"https:\/\/hdpnoticias.com.ar\/index.php?rest_route=%2Fwp%2Fv2%2Fcomments&post=3155"}],"version-history":[{"count":1,"href":"https:\/\/hdpnoticias.com.ar\/index.php?rest_route=\/wp\/v2\/posts\/3155\/revisions"}],"predecessor-version":[{"id":3157,"href":"https:\/\/hdpnoticias.com.ar\/index.php?rest_route=\/wp\/v2\/posts\/3155\/revisions\/3157"}],"wp:featuredmedia":[{"embeddable":true,"href":"https:\/\/hdpnoticias.com.ar\/index.php?rest_route=\/wp\/v2\/media\/3156"}],"wp:attachment":[{"href":"https:\/\/hdpnoticias.com.ar\/index.php?rest_route=%2Fwp%2Fv2%2Fmedia&parent=3155"}],"wp:term":[{"taxonomy":"category","embeddable":true,"href":"https:\/\/hdpnoticias.com.ar\/index.php?rest_route=%2Fwp%2Fv2%2Fcategories&post=3155"},{"taxonomy":"post_tag","embeddable":true,"href":"https:\/\/hdpnoticias.com.ar\/index.php?rest_route=%2Fwp%2Fv2%2Ftags&post=3155"}],"curies":[{"name":"wp","href":"https:\/\/api.w.org\/{rel}","templated":true}]}}