{"id":3144,"date":"2023-07-10T17:20:03","date_gmt":"2023-07-10T20:20:03","guid":{"rendered":"http:\/\/hdpnoticias.com.ar\/?p=3144"},"modified":"2023-07-10T17:20:05","modified_gmt":"2023-07-10T20:20:05","slug":"efecto-cecilia-capitanich-quiere-que-los-piqueteros-amigos-que-reciben-fondos-rindan-cuentas","status":"publish","type":"post","link":"https:\/\/hdpnoticias.com.ar\/?p=3144","title":{"rendered":"Efecto Cecilia: Capitanich quiere que los piqueteros amigos que reciben fondos rindan cuentas"},"content":{"rendered":"\n<p>El gobernador Jorge Capitanich firm\u00f3 el decreto 1812\/2023 que, seg\u00fan entiende, \u201cimpulsa la calidad institucional del Estado provincial\u201d y \u201cpromueve la transparencia en el funcionamiento de las organizaciones sociales\u201d.<\/p>\n\n\n\n<p>La norma \u201cpromueve nuevos requisitos y modificaciones al r\u00e9gimen de transparencia de las fundaciones, asociaciones civiles y otros tipos de organizaciones que faciliten el control y fiscalizaci\u00f3n del Estado y, sobre todo, que la ciudadan\u00eda sepa cu\u00e1les son los movimientos de estas instituciones\u201d, describi\u00f3.<\/p>\n\n\n\n<p>Entre los nuevos requisitos, se excluir\u00e1 a deudores alimentarios, violentos, que tengan deudas con el Tribunal de Cuenteas, o que tengan fondos p\u00fablicos pendientes de rendici\u00f3n.<\/p>\n\n\n\n<p>\u201cNo queremos y vamos a impedir que sea utilizado como un factor de extorsi\u00f3n para que grupos ideol\u00f3gicamente exacerbados pretendan eliminar cualquier pol\u00edtica p\u00fablica que promueva la inclusi\u00f3n, equidad social y la distribuci\u00f3n de ingresos en la comunidad\u201d, dijo, una cuesti\u00f3n hist\u00f3ricamente denunciada por sectores opositores que nunca encontraron eco en su gobierno.<\/p>\n\n\n\n<p>\u201cEscuchamos lo que el pueblo pide\u201d, admiti\u00f3, en obvia alusi\u00f3n al \u00faltimo resultado electoral adverso para el inter\u00e9s de su Frente Chaque\u00f1o, sumado al reclamo de \u201cjusticia por Cecilia\u201d, el caso que conmueve al pa\u00eds, por el que est\u00e1n detenidos los dirigentes sociales Emerenciano Sena y Marcela Acu\u00f1a, aliados suyos y exprecandidatos oficialistas, l\u00eddees del Movimiento Socialista Emerenciano, de Mujeres al Frente y del Partido Socialistas Unidos por el Chaco.<\/p>\n\n\n\n<p>La causa tiene otros 5 detenidos: C\u00e9sar Sena, hijo de estos y pareja de Cecilia, y 4 empleados de la familia Sena: Gustavo Obreg\u00f3n y Fabiana Gonz\u00e1lez, tambi\u00e9n precandidatos del Frente Chaque\u00f1o, y Gustavo Melgarejo y Griselda Reynoso, puesteros de la chancher\u00eda donde habr\u00edan sido descartados los restos de la joven que en este momento analizan peritos del Poder Judicial de C\u00f3rdoba.<\/p>\n\n\n\n<p>Las cr\u00edticas el giro discrecional de fondos p\u00fablicos desde el Gobierno hacia las fundaciones, asociaciones, cooperativas y otro tipo de organizaciones de los grupos piqueteros, se agigantaron tras la desaparici\u00f3n de Cecilia Strzyzowski.<\/p>\n\n\n\n<p>El gobernador se adelant\u00f3 a la Justicia con la intervenci\u00f3n de la Fundaci\u00f3n Doctor Andr\u00e9s Sa\u00fal Acu\u00f1a, comandada por Sena y Acu\u00f1a, para tomar el control de la contabilidad, y anunci\u00f3 que la disolver\u00e1 al finalizar la auditor\u00eda.<\/p>\n\n\n\n<p>Paralelamente, se supo que otras fundaciones y cooperativas fueron sometidas al mismo proceso, pero estas medidas en vez de generar confianza, como pretende el Gobierno, produce un efecto contrario ya que el com\u00fan de la gente cree que \u201cquieren tapar todo\u201d.<\/p>\n","protected":false},"excerpt":{"rendered":"<p>El gobernador Jorge Capitanich firm\u00f3 el decreto 1812\/2023 que, seg\u00fan entiende, \u201cimpulsa la calidad institucional del Estado provincial\u201d y \u201cpromueve la transparencia en el funcionamiento de las organizaciones sociales\u201d. La norma \u201cpromueve nuevos requisitos y modificaciones al r\u00e9gimen de transparencia de las fundaciones, asociaciones civiles y otros tipos de organizaciones que faciliten el control y [&hellip;]<\/p>\n","protected":false},"author":1,"featured_media":3145,"comment_status":"open","ping_status":"open","sticky":false,"template":"","format":"standard","meta":{"footnotes":""},"categories":[27],"tags":[29,1813,2017,1947,409,2019,1450,283,265,2018],"class_list":["post-3144","post","type-post","status-publish","format-standard","has-post-thumbnail","hentry","category-politica","tag-capitanich","tag-cecilia","tag-cooperattivas","tag-emerrenciano","tag-femicidio","tag-fondos-publicos","tag-fundaciones","tag-homicidio","tag-piqueteros","tag-violentos"],"_links":{"self":[{"href":"https:\/\/hdpnoticias.com.ar\/index.php?rest_route=\/wp\/v2\/posts\/3144","targetHints":{"allow":["GET"]}}],"collection":[{"href":"https:\/\/hdpnoticias.com.ar\/index.php?rest_route=\/wp\/v2\/posts"}],"about":[{"href":"https:\/\/hdpnoticias.com.ar\/index.php?rest_route=\/wp\/v2\/types\/post"}],"author":[{"embeddable":true,"href":"https:\/\/hdpnoticias.com.ar\/index.php?rest_route=\/wp\/v2\/users\/1"}],"replies":[{"embeddable":true,"href":"https:\/\/hdpnoticias.com.ar\/index.php?rest_route=%2Fwp%2Fv2%2Fcomments&post=3144"}],"version-history":[{"count":1,"href":"https:\/\/hdpnoticias.com.ar\/index.php?rest_route=\/wp\/v2\/posts\/3144\/revisions"}],"predecessor-version":[{"id":3146,"href":"https:\/\/hdpnoticias.com.ar\/index.php?rest_route=\/wp\/v2\/posts\/3144\/revisions\/3146"}],"wp:featuredmedia":[{"embeddable":true,"href":"https:\/\/hdpnoticias.com.ar\/index.php?rest_route=\/wp\/v2\/media\/3145"}],"wp:attachment":[{"href":"https:\/\/hdpnoticias.com.ar\/index.php?rest_route=%2Fwp%2Fv2%2Fmedia&parent=3144"}],"wp:term":[{"taxonomy":"category","embeddable":true,"href":"https:\/\/hdpnoticias.com.ar\/index.php?rest_route=%2Fwp%2Fv2%2Fcategories&post=3144"},{"taxonomy":"post_tag","embeddable":true,"href":"https:\/\/hdpnoticias.com.ar\/index.php?rest_route=%2Fwp%2Fv2%2Ftags&post=3144"}],"curies":[{"name":"wp","href":"https:\/\/api.w.org\/{rel}","templated":true}]}}