{"id":3058,"date":"2023-07-08T19:15:30","date_gmt":"2023-07-08T22:15:30","guid":{"rendered":"http:\/\/hdpnoticias.com.ar\/?p=3058"},"modified":"2023-07-08T19:15:32","modified_gmt":"2023-07-08T22:15:32","slug":"abogado-chaqueno-murio-en-brutal-choque-multiple-en-santa-fe","status":"publish","type":"post","link":"https:\/\/hdpnoticias.com.ar\/?p=3058","title":{"rendered":"Abogado chaque\u00f1o muri\u00f3 en brutal choque m\u00faltiple en Santa Fe"},"content":{"rendered":"\n<p>Un terrible accidente vial m\u00faltiple en el kil\u00f3metro 818 de la ruta nacional 11, se cobr\u00f3 la vida del abogado chaque\u00f1o Daniel De Sena el mediod\u00eda del viernes.<\/p>\n\n\n\n<p>De Sena conduc\u00eda un Honda Civic que, producto del pavimento mojado y el agua acumulada en algunos sectores, habr\u00eda perdido adherencia, lo que le hizo perder el control.<\/p>\n\n\n\n<p>Sin direcci\u00f3n, el auto se habr\u00eda cruzado en la trayectoria de un cami\u00f3n Mercedes Benz 1634 conducido por un santafesino de 48 a\u00f1os, que viajaba en sentido contrario y lo impact\u00f3 de lleno.<\/p>\n\n\n\n<p>El impacto tambi\u00e9n involucr\u00f3 a una Fiat Strada en la que viajaban 2 correntinos de 25 y 27 a\u00f1os.<\/p>\n\n\n\n<p>Todos los veh\u00edculos fueron a dar a la banquina, pero la peor parte fue para el Civic que termin\u00f3 irreconocible, convertido en chatarra.<\/p>\n\n\n\n<p>El automovilista chaque\u00f1o muri\u00f3 en el acto.<\/p>\n\n\n\n<p><strong>Otra tragedia<\/strong><\/p>\n\n\n\n<p>En marzo, a menos de 50 kil\u00f3metros de ah\u00ed, <strong><a href=\"http:\/\/hdpnoticias.com.ar\/?p=1112\" target=\"_blank\" rel=\"noreferrer noopener\">murieron el periodista V\u00edctor S\u00e1nchez y su esposa Lili\u00e1n Chand\u00eda<\/a><\/strong>, ambos de 44 a\u00f1os, cuando el Toyota Corolla en el que viajaban, conducido por Natalia Delb\u00f3n, ejecutiva del Nuevo Banco del Chaco, choc\u00f3 frontalmente con un cami\u00f3n.<\/p>\n","protected":false},"excerpt":{"rendered":"<p>Un terrible accidente vial m\u00faltiple en el kil\u00f3metro 818 de la ruta nacional 11, se cobr\u00f3 la vida del abogado chaque\u00f1o Daniel De Sena el mediod\u00eda del viernes. De Sena conduc\u00eda un Honda Civic que, producto del pavimento mojado y el agua acumulada en algunos sectores, habr\u00eda perdido adherencia, lo que le hizo perder el [&hellip;]<\/p>\n","protected":false},"author":1,"featured_media":3059,"comment_status":"open","ping_status":"open","sticky":false,"template":"","format":"standard","meta":{"footnotes":""},"categories":[26],"tags":[837,719,2009,688,2008,445,127,204,716,2010,390,100],"class_list":["post-3058","post","type-post","status-publish","format-standard","has-post-thumbnail","hentry","category-policiales","tag-abogado","tag-chaqueno","tag-civic","tag-corolla","tag-de-sena","tag-honda","tag-mercedes-benz","tag-periodista","tag-santa-fe","tag-strada","tag-toyota","tag-tragedia"],"_links":{"self":[{"href":"https:\/\/hdpnoticias.com.ar\/index.php?rest_route=\/wp\/v2\/posts\/3058","targetHints":{"allow":["GET"]}}],"collection":[{"href":"https:\/\/hdpnoticias.com.ar\/index.php?rest_route=\/wp\/v2\/posts"}],"about":[{"href":"https:\/\/hdpnoticias.com.ar\/index.php?rest_route=\/wp\/v2\/types\/post"}],"author":[{"embeddable":true,"href":"https:\/\/hdpnoticias.com.ar\/index.php?rest_route=\/wp\/v2\/users\/1"}],"replies":[{"embeddable":true,"href":"https:\/\/hdpnoticias.com.ar\/index.php?rest_route=%2Fwp%2Fv2%2Fcomments&post=3058"}],"version-history":[{"count":1,"href":"https:\/\/hdpnoticias.com.ar\/index.php?rest_route=\/wp\/v2\/posts\/3058\/revisions"}],"predecessor-version":[{"id":3060,"href":"https:\/\/hdpnoticias.com.ar\/index.php?rest_route=\/wp\/v2\/posts\/3058\/revisions\/3060"}],"wp:featuredmedia":[{"embeddable":true,"href":"https:\/\/hdpnoticias.com.ar\/index.php?rest_route=\/wp\/v2\/media\/3059"}],"wp:attachment":[{"href":"https:\/\/hdpnoticias.com.ar\/index.php?rest_route=%2Fwp%2Fv2%2Fmedia&parent=3058"}],"wp:term":[{"taxonomy":"category","embeddable":true,"href":"https:\/\/hdpnoticias.com.ar\/index.php?rest_route=%2Fwp%2Fv2%2Fcategories&post=3058"},{"taxonomy":"post_tag","embeddable":true,"href":"https:\/\/hdpnoticias.com.ar\/index.php?rest_route=%2Fwp%2Fv2%2Ftags&post=3058"}],"curies":[{"name":"wp","href":"https:\/\/api.w.org\/{rel}","templated":true}]}}