{"id":3027,"date":"2023-07-06T20:20:30","date_gmt":"2023-07-06T23:20:30","guid":{"rendered":"http:\/\/hdpnoticias.com.ar\/?p=3027"},"modified":"2023-07-06T20:20:33","modified_gmt":"2023-07-06T23:20:33","slug":"video-cambio-de-actitud-ahora-el-gobierno-de-capitanich-busca-evitar-los-piquetes","status":"publish","type":"post","link":"https:\/\/hdpnoticias.com.ar\/?p=3027","title":{"rendered":"VIDEO | Cambio de actitud: ahora el gobierno de Capitanich busca evitar los piquetes"},"content":{"rendered":"\n<p>Despu\u00e9s de una breve tregua electoral, los movimientos sociales volvieron a protestar en Resistencia.<\/p>\n\n\n\n<p>El mi\u00e9rcoles se dio el correlato de una jornada nacional de protesta en demanda de asistencia social que caus\u00f3 m\u00faltiples trastornos en la capital chaque\u00f1a, donde hubo cortes en las rutas nacionales 11 y 16, y frente a la Casa de Gobierno, entre otros puntos clave.<\/p>\n\n\n\n<p>Este jueves se repitieron las marchas y cortes de calles.<\/p>\n\n\n\n<p>Una columna integrada por varias organizaciones march\u00f3 con pancartas, haciendo sonar instrumentos de percusi\u00f3n por la peatonal, desde donde planeaban dirigirse hacia la Casa de Gobierno.<\/p>\n\n\n\n<p>La Polic\u00eda despleg\u00f3 un numeroso operativo para impedir el cometido, hubo corridas, gases y disparos de postas de goma para repeler la manifestaci\u00f3n.<\/p>\n\n\n\n<p>\u201cEntendemos el hartazgo social que genera esta situaci\u00f3n y actuamos en consecuencia. No se puede convivir con manifestaciones permanentes que alteran el orden y generan caos, afectando a miles de vecinos y vecinas que cada d\u00eda deben concurrir al centro a trabajar o a realizar tr\u00e1mites\u201d, expres\u00f3 la ministra de Seguridad y Justicia: Gloria Zalazar, tras el operativo.<\/p>\n\n\n\n<p>Esto representa un cambio de actitud del gobierno de Capitanich que hist\u00f3ricamente desoy\u00f3 las quejas por las protestas y hasta lleg\u00f3 a pedir \u201ccomprensi\u00f3n y paciencia\u201d a los comerciantes que denunciaban p\u00e9rdidas econ\u00f3micas como consecuencia de los piquetes.<\/p>\n\n\n\n<iframe loading=\"lazy\" src=\"https:\/\/www.facebook.com\/plugins\/video.php?height=476&#038;href=https%3A%2F%2Fwww.facebook.com%2Fhdpchaco%2Fvideos%2F235935249300584%2F&#038;show_text=false&#038;width=267&#038;t=0\" width=\"267\" height=\"476\" style=\"border:none;overflow:hidden\" scrolling=\"no\" frameborder=\"0\" allowfullscreen=\"true\" allow=\"autoplay; clipboard-write; encrypted-media; picture-in-picture; web-share\" allowFullScreen=\"true\"><\/iframe>\n","protected":false},"excerpt":{"rendered":"<p>Despu\u00e9s de una breve tregua electoral, los movimientos sociales volvieron a protestar en Resistencia. El mi\u00e9rcoles se dio el correlato de una jornada nacional de protesta en demanda de asistencia social que caus\u00f3 m\u00faltiples trastornos en la capital chaque\u00f1a, donde hubo cortes en las rutas nacionales 11 y 16, y frente a la Casa de [&hellip;]<\/p>\n","protected":false},"author":1,"featured_media":3028,"comment_status":"open","ping_status":"open","sticky":false,"template":"","format":"standard","meta":{"footnotes":""},"categories":[27],"tags":[29,36,1997,692,55,1250,49,839],"class_list":["post-3027","post","type-post","status-publish","format-standard","has-post-thumbnail","hentry","category-politica","tag-capitanich","tag-gobierno","tag-peatonal","tag-piquetes","tag-policia","tag-protestas","tag-resistencia","tag-seguridad"],"_links":{"self":[{"href":"https:\/\/hdpnoticias.com.ar\/index.php?rest_route=\/wp\/v2\/posts\/3027","targetHints":{"allow":["GET"]}}],"collection":[{"href":"https:\/\/hdpnoticias.com.ar\/index.php?rest_route=\/wp\/v2\/posts"}],"about":[{"href":"https:\/\/hdpnoticias.com.ar\/index.php?rest_route=\/wp\/v2\/types\/post"}],"author":[{"embeddable":true,"href":"https:\/\/hdpnoticias.com.ar\/index.php?rest_route=\/wp\/v2\/users\/1"}],"replies":[{"embeddable":true,"href":"https:\/\/hdpnoticias.com.ar\/index.php?rest_route=%2Fwp%2Fv2%2Fcomments&post=3027"}],"version-history":[{"count":1,"href":"https:\/\/hdpnoticias.com.ar\/index.php?rest_route=\/wp\/v2\/posts\/3027\/revisions"}],"predecessor-version":[{"id":3029,"href":"https:\/\/hdpnoticias.com.ar\/index.php?rest_route=\/wp\/v2\/posts\/3027\/revisions\/3029"}],"wp:featuredmedia":[{"embeddable":true,"href":"https:\/\/hdpnoticias.com.ar\/index.php?rest_route=\/wp\/v2\/media\/3028"}],"wp:attachment":[{"href":"https:\/\/hdpnoticias.com.ar\/index.php?rest_route=%2Fwp%2Fv2%2Fmedia&parent=3027"}],"wp:term":[{"taxonomy":"category","embeddable":true,"href":"https:\/\/hdpnoticias.com.ar\/index.php?rest_route=%2Fwp%2Fv2%2Fcategories&post=3027"},{"taxonomy":"post_tag","embeddable":true,"href":"https:\/\/hdpnoticias.com.ar\/index.php?rest_route=%2Fwp%2Fv2%2Ftags&post=3027"}],"curies":[{"name":"wp","href":"https:\/\/api.w.org\/{rel}","templated":true}]}}