{"id":3014,"date":"2023-07-05T22:25:45","date_gmt":"2023-07-06T01:25:45","guid":{"rendered":"http:\/\/hdpnoticias.com.ar\/?p=3014"},"modified":"2023-07-05T22:25:48","modified_gmt":"2023-07-06T01:25:48","slug":"cecilia-trasladaron-a-marcela-acuna-al-perrando-para-un-chequeo-medico","status":"publish","type":"post","link":"https:\/\/hdpnoticias.com.ar\/?p=3014","title":{"rendered":"Cecilia: trasladaron a Marcela Acu\u00f1a al Perrando para un chequeo m\u00e9dico"},"content":{"rendered":"\n<p>La noche de este mi\u00e9rcoles Marcela Acu\u00f1a fue trasladada desde su lugar de detenci\u00f3n en la Divisi\u00f3n Violencia Familiar y de G\u00e9nero al hospital Perrando, de Resistencia, despu\u00e9s de haber sufrido una descompensaci\u00f3n.<\/p>\n\n\n\n<p>La dirigente social lleva adelante una huelga de hambre desde hace 23 d\u00edas demandando el beneficio de la prisi\u00f3n domiciliaria para ella y su marido: Emerenciano Sena, ambos detenidos imputados por homicidio calificado en la causa que investiga la muerte de Cecilia Strzyzowski, pareja de su hijo C\u00e9sar Sena, tambi\u00e9n detenido, sindicado como principal sospechoso.<\/p>\n\n\n\n<p>El traslado se realiz\u00f3 con una fuerte custodia y fue \u201crecibida\u201d por el personal al grito de \u201casesina\u201d, \u201chija de puta\u201d, \u201cd\u00f3nde est\u00e1 Cecilia\u201d, entre otras expresiones y carteles con leyendas del mismo tono.<\/p>\n\n\n\n<p>Tras ser examinada, fue trasladada de regreso y se cree que ser\u00eda derivada a la Comisar\u00eda Sexta, en el barrio Santa In\u00e9s, el lugar que hasta hace unos d\u00edas ocup\u00f3 su hijo.<\/p>\n","protected":false},"excerpt":{"rendered":"<p>La noche de este mi\u00e9rcoles Marcela Acu\u00f1a fue trasladada desde su lugar de detenci\u00f3n en la Divisi\u00f3n Violencia Familiar y de G\u00e9nero al hospital Perrando, de Resistencia, despu\u00e9s de haber sufrido una descompensaci\u00f3n. La dirigente social lleva adelante una huelga de hambre desde hace 23 d\u00edas demandando el beneficio de la prisi\u00f3n domiciliaria para ella [&hellip;]<\/p>\n","protected":false},"author":1,"featured_media":3015,"comment_status":"open","ping_status":"open","sticky":false,"template":"","format":"standard","meta":{"footnotes":""},"categories":[26],"tags":[1813,793,409,283,1787,40,798,548],"class_list":["post-3014","post","type-post","status-publish","format-standard","has-post-thumbnail","hentry","category-policiales","tag-cecilia","tag-emerenciano","tag-femicidio","tag-homicidio","tag-marcela","tag-perrando","tag-sena","tag-violencia-de-genero"],"_links":{"self":[{"href":"https:\/\/hdpnoticias.com.ar\/index.php?rest_route=\/wp\/v2\/posts\/3014","targetHints":{"allow":["GET"]}}],"collection":[{"href":"https:\/\/hdpnoticias.com.ar\/index.php?rest_route=\/wp\/v2\/posts"}],"about":[{"href":"https:\/\/hdpnoticias.com.ar\/index.php?rest_route=\/wp\/v2\/types\/post"}],"author":[{"embeddable":true,"href":"https:\/\/hdpnoticias.com.ar\/index.php?rest_route=\/wp\/v2\/users\/1"}],"replies":[{"embeddable":true,"href":"https:\/\/hdpnoticias.com.ar\/index.php?rest_route=%2Fwp%2Fv2%2Fcomments&post=3014"}],"version-history":[{"count":1,"href":"https:\/\/hdpnoticias.com.ar\/index.php?rest_route=\/wp\/v2\/posts\/3014\/revisions"}],"predecessor-version":[{"id":3016,"href":"https:\/\/hdpnoticias.com.ar\/index.php?rest_route=\/wp\/v2\/posts\/3014\/revisions\/3016"}],"wp:featuredmedia":[{"embeddable":true,"href":"https:\/\/hdpnoticias.com.ar\/index.php?rest_route=\/wp\/v2\/media\/3015"}],"wp:attachment":[{"href":"https:\/\/hdpnoticias.com.ar\/index.php?rest_route=%2Fwp%2Fv2%2Fmedia&parent=3014"}],"wp:term":[{"taxonomy":"category","embeddable":true,"href":"https:\/\/hdpnoticias.com.ar\/index.php?rest_route=%2Fwp%2Fv2%2Fcategories&post=3014"},{"taxonomy":"post_tag","embeddable":true,"href":"https:\/\/hdpnoticias.com.ar\/index.php?rest_route=%2Fwp%2Fv2%2Ftags&post=3014"}],"curies":[{"name":"wp","href":"https:\/\/api.w.org\/{rel}","templated":true}]}}