{"id":3009,"date":"2023-07-05T17:37:50","date_gmt":"2023-07-05T20:37:50","guid":{"rendered":"http:\/\/hdpnoticias.com.ar\/?p=3009"},"modified":"2023-07-05T17:37:51","modified_gmt":"2023-07-05T20:37:51","slug":"faltazo-de-capitanich-el-gobernador-no-fue-a-la-reunion-con-massa-y-rossi","status":"publish","type":"post","link":"https:\/\/hdpnoticias.com.ar\/?p=3009","title":{"rendered":"Faltazo de Capitanich: el gobernador no fue a la reuni\u00f3n con Massa y Rossi"},"content":{"rendered":"\n<p>El ministro de Econom\u00eda de la Naci\u00f3n: Sergio Massa, precandidato presidencial por el frente kirchnerista Uni\u00f3n por la Patria, se reuni\u00f3n este mi\u00e9rcoles con los gobernadores oficialistas con el prop\u00f3sito de exhibir la cohesi\u00f3n de \u201cLa Liga\u201d detr\u00e1s de la f\u00f3rmula oficialista.<\/p>\n\n\n\n<p>Participaron del encuentro el jefe de Gabinete: Agust\u00edn Rossi, precandidato a vicepresidente, y el ministro de Interior: Eduardo \u201cWado\u201d De Pedro, frustrado aspirante a encabezar la f\u00f3rmula.<\/p>\n\n\n\n<p>El temario del encuentro vers\u00f3 sobre los principales ejes de la campa\u00f1a y el rol que tendr\u00e1n los gobernadores y l\u00edderes regionales.<\/p>\n\n\n\n<p>Asistieron Axel Kicillof, de Buenos Aires; Ra\u00fal Jalil, de Catamarca; Juan Manzur, de Tucum\u00e1n, junto al vice Osvaldo Jaldo, recientemente electo gobernador de esa provincia; Mariano Arcioni, de Chubut; Gustavo Melella, de Tierra del Fuego; Ricardo Quintela, de La Rioja; Oscar Herrera Ahuad, de Misiones; Gustavo Bordet, de Entre R\u00edos; Alicia Kirchner, de Santa Cruz; Gerardo Zamora, de Santiago del Estero; Gildo Insfr\u00e1n, de Formosa, y Sergio Ziliotto, de La Pampa.<\/p>\n\n\n\n<p>El gobernador de Chaco: Jorge Capitanich, no asisti\u00f3, en su lugar envi\u00f3 a la vicegobernadora Anal\u00eda Rach Quiroga.<\/p>\n\n\n\n<p>Como el d\u00eda que falt\u00f3 al acto encabezado por Cristina Fern\u00e1ndez, Capitanich aleg\u00f3 cuestiones de agenda. Pero se dice que prefiri\u00f3 evitar la foto de una \u201cunidad\u201d con la que no est\u00e1 de acuerdo, ya que para \u00e9l la \u00fanica candidatura que podr\u00eda expresar eso era la de Cristina.<\/p>\n\n\n\n<p>Adem\u00e1s, sin Cristina, Capitanich se enrol\u00f3 en la carrera por integrar la f\u00f3rmula pero termin\u00f3 marginado, se cree, por el estallido del esc\u00e1ndalo de los v\u00ednculos pol\u00edticos de su gesti\u00f3n con los dirigentes sociales Emerenciano Sena y Marcela Acu\u00f1a, detenidos imputados por el femicidio de Cecilia Strzyzoski, pareja de su hijo C\u00e9sar Sena, tambi\u00e9n detenido.<\/p>\n\n\n\n<p>Otro ausente fue Sergio U\u00f1ac, despu\u00e9s de la derrota del \u00faltimo domingo en la que el peronismo, despu\u00e9s de 20 a\u00f1os, perdi\u00f3 la gobernaci\u00f3n de San Juan a manos de Marcelo Orrego, el candidato de Juntos por el Cambio.<\/p>\n","protected":false},"excerpt":{"rendered":"<p>El ministro de Econom\u00eda de la Naci\u00f3n: Sergio Massa, precandidato presidencial por el frente kirchnerista Uni\u00f3n por la Patria, se reuni\u00f3n este mi\u00e9rcoles con los gobernadores oficialistas con el prop\u00f3sito de exhibir la cohesi\u00f3n de \u201cLa Liga\u201d detr\u00e1s de la f\u00f3rmula oficialista. Participaron del encuentro el jefe de Gabinete: Agust\u00edn Rossi, precandidato a vicepresidente, y [&hellip;]<\/p>\n","protected":false},"author":1,"featured_media":3010,"comment_status":"open","ping_status":"open","sticky":false,"template":"","format":"standard","meta":{"footnotes":""},"categories":[27],"tags":[609,29,1813,793,30,1763,35,1516,1898],"class_list":["post-3009","post","type-post","status-publish","format-standard","has-post-thumbnail","hentry","category-politica","tag-axel","tag-capitanich","tag-cecilia","tag-emerenciano","tag-gildo","tag-gobernadores","tag-kirchnerismo","tag-unac","tag-union-por-la-patria"],"_links":{"self":[{"href":"https:\/\/hdpnoticias.com.ar\/index.php?rest_route=\/wp\/v2\/posts\/3009","targetHints":{"allow":["GET"]}}],"collection":[{"href":"https:\/\/hdpnoticias.com.ar\/index.php?rest_route=\/wp\/v2\/posts"}],"about":[{"href":"https:\/\/hdpnoticias.com.ar\/index.php?rest_route=\/wp\/v2\/types\/post"}],"author":[{"embeddable":true,"href":"https:\/\/hdpnoticias.com.ar\/index.php?rest_route=\/wp\/v2\/users\/1"}],"replies":[{"embeddable":true,"href":"https:\/\/hdpnoticias.com.ar\/index.php?rest_route=%2Fwp%2Fv2%2Fcomments&post=3009"}],"version-history":[{"count":1,"href":"https:\/\/hdpnoticias.com.ar\/index.php?rest_route=\/wp\/v2\/posts\/3009\/revisions"}],"predecessor-version":[{"id":3011,"href":"https:\/\/hdpnoticias.com.ar\/index.php?rest_route=\/wp\/v2\/posts\/3009\/revisions\/3011"}],"wp:featuredmedia":[{"embeddable":true,"href":"https:\/\/hdpnoticias.com.ar\/index.php?rest_route=\/wp\/v2\/media\/3010"}],"wp:attachment":[{"href":"https:\/\/hdpnoticias.com.ar\/index.php?rest_route=%2Fwp%2Fv2%2Fmedia&parent=3009"}],"wp:term":[{"taxonomy":"category","embeddable":true,"href":"https:\/\/hdpnoticias.com.ar\/index.php?rest_route=%2Fwp%2Fv2%2Fcategories&post=3009"},{"taxonomy":"post_tag","embeddable":true,"href":"https:\/\/hdpnoticias.com.ar\/index.php?rest_route=%2Fwp%2Fv2%2Ftags&post=3009"}],"curies":[{"name":"wp","href":"https:\/\/api.w.org\/{rel}","templated":true}]}}