{"id":2989,"date":"2023-07-03T22:23:40","date_gmt":"2023-07-04T01:23:40","guid":{"rendered":"http:\/\/hdpnoticias.com.ar\/?p=2989"},"modified":"2023-07-03T22:23:42","modified_gmt":"2023-07-04T01:23:42","slug":"caso-cecilia-el-gobierno-disolvera-la-fundacion-de-emerenciano-sena","status":"publish","type":"post","link":"https:\/\/hdpnoticias.com.ar\/?p=2989","title":{"rendered":"Caso Cecilia: el Gobierno disolver\u00e1 la Fundaci\u00f3n de Emerenciano Sena"},"content":{"rendered":"\n<p>El Gobierno provincial tom\u00f3 la determinaci\u00f3n de disolver la Fundaci\u00f3n Doctor Andr\u00e9s Sa\u00fal Acu\u00f1a, que comandaban los dirigentes sociales Emerenciano Sena y Marcela Acu\u00f1a, aliados del gobernador Jorge Capitanich, ahora detenidos imputados como coautores del homicidio de Cecilia Strzyzowski, pareja de su hijo: C\u00e9sar Sena, tambi\u00e9n detenido por homicidio triplemente agravado por premeditaci\u00f3n, violencia de g\u00e9nero y la participaci\u00f3n de 2 o m\u00e1s personas.<\/p>\n\n\n\n<p>Tras la detenci\u00f3n de la familia Sena, el Gobierno a trav\u00e9s de las Inspecci\u00f3n de Personas Jur\u00eddicas intervino la Fundaci\u00f3n a la que transfer\u00eda los fondos destinados al Movimiento Socialista Emerenciano para la construcci\u00f3n de viviendas, el sostenimiento del Centro de Salud y la Escuela P\u00fablica de Gesti\u00f3n Social 2 del barrio Emerenciano.<\/p>\n\n\n\n<p>Hern\u00e1n Knezovich y Mirta Morel fueron puestos al frente y se inici\u00f3 una auditor\u00eda contable para conocer el estado de situaci\u00f3n de la organizaci\u00f3n y detectar posibles irregularidades.<\/p>\n\n\n\n<p>El proceso fue cuestionado por quienes consideran que debi\u00f3 ser encargado a un auditor externo, teniendo en cuanta que el Gobierno provincial es la contraparte de las operaciones que involucran a la Fundaci\u00f3n.<\/p>\n\n\n\n<p>Reci\u00e9n 2 semanas despu\u00e9s cursar\u00edan la invitaci\u00f3n al Consejo Profesional de Ciencias Econ\u00f3micas para darle \u201ctransparencia\u201d.<\/p>\n\n\n\n<p>As\u00ed lo inform\u00f3 el ministro de Gobierno: Juan Manuel Chapo en su conferencia de este lunes, y agreg\u00f3 que, una vez concluida la auditor\u00eda, el informe ser\u00e1 elevado al Tribunal de Cuentas y difundido a trav\u00e9s de los medios de comunicaci\u00f3n.<\/p>\n\n\n\n<p>Aunque asegur\u00f3 que est\u00e1n garantizados los puestos de trabajo, adelant\u00f3 que la Fundaci\u00f3n ser\u00e1 disuelta porque ya \u201cno tiene raz\u00f3n de ser\u201d.<\/p>\n","protected":false},"excerpt":{"rendered":"<p>El Gobierno provincial tom\u00f3 la determinaci\u00f3n de disolver la Fundaci\u00f3n Doctor Andr\u00e9s Sa\u00fal Acu\u00f1a, que comandaban los dirigentes sociales Emerenciano Sena y Marcela Acu\u00f1a, aliados del gobernador Jorge Capitanich, ahora detenidos imputados como coautores del homicidio de Cecilia Strzyzowski, pareja de su hijo: C\u00e9sar Sena, tambi\u00e9n detenido por homicidio triplemente agravado por premeditaci\u00f3n, violencia de [&hellip;]<\/p>\n","protected":false},"author":1,"featured_media":2990,"comment_status":"open","ping_status":"open","sticky":false,"template":"","format":"standard","meta":{"footnotes":""},"categories":[27],"tags":[1912,29,1813,1812,797,793,409,56,36,1787,1984],"class_list":["post-2989","post","type-post","status-publish","format-standard","has-post-thumbnail","hentry","category-politica","tag-auditoria","tag-capitanich","tag-cecilia","tag-cesar","tag-chapo","tag-emerenciano","tag-femicidio","tag-fundacion","tag-gobierno","tag-marcela","tag-saul-acuna"],"_links":{"self":[{"href":"https:\/\/hdpnoticias.com.ar\/index.php?rest_route=\/wp\/v2\/posts\/2989","targetHints":{"allow":["GET"]}}],"collection":[{"href":"https:\/\/hdpnoticias.com.ar\/index.php?rest_route=\/wp\/v2\/posts"}],"about":[{"href":"https:\/\/hdpnoticias.com.ar\/index.php?rest_route=\/wp\/v2\/types\/post"}],"author":[{"embeddable":true,"href":"https:\/\/hdpnoticias.com.ar\/index.php?rest_route=\/wp\/v2\/users\/1"}],"replies":[{"embeddable":true,"href":"https:\/\/hdpnoticias.com.ar\/index.php?rest_route=%2Fwp%2Fv2%2Fcomments&post=2989"}],"version-history":[{"count":1,"href":"https:\/\/hdpnoticias.com.ar\/index.php?rest_route=\/wp\/v2\/posts\/2989\/revisions"}],"predecessor-version":[{"id":2991,"href":"https:\/\/hdpnoticias.com.ar\/index.php?rest_route=\/wp\/v2\/posts\/2989\/revisions\/2991"}],"wp:featuredmedia":[{"embeddable":true,"href":"https:\/\/hdpnoticias.com.ar\/index.php?rest_route=\/wp\/v2\/media\/2990"}],"wp:attachment":[{"href":"https:\/\/hdpnoticias.com.ar\/index.php?rest_route=%2Fwp%2Fv2%2Fmedia&parent=2989"}],"wp:term":[{"taxonomy":"category","embeddable":true,"href":"https:\/\/hdpnoticias.com.ar\/index.php?rest_route=%2Fwp%2Fv2%2Fcategories&post=2989"},{"taxonomy":"post_tag","embeddable":true,"href":"https:\/\/hdpnoticias.com.ar\/index.php?rest_route=%2Fwp%2Fv2%2Ftags&post=2989"}],"curies":[{"name":"wp","href":"https:\/\/api.w.org\/{rel}","templated":true}]}}