{"id":2986,"date":"2023-07-03T12:39:11","date_gmt":"2023-07-03T15:39:11","guid":{"rendered":"http:\/\/hdpnoticias.com.ar\/?p=2986"},"modified":"2023-07-03T12:39:13","modified_gmt":"2023-07-03T15:39:13","slug":"marcela-acuna-esto-es-una-comedia-para-atacar-a-emerenciano-y-capitanich","status":"publish","type":"post","link":"https:\/\/hdpnoticias.com.ar\/?p=2986","title":{"rendered":"Marcela Acu\u00f1a: Esto es una comedia para atacar a Emerenciano y Capitanich"},"content":{"rendered":"\n<p>El gobernador Jorge Capitanich, sus funcionarios y legisladores del Frente Chaque\u00f1o se esfuerzan en poner distancia entre \u00e9l y los dirigentes Emerenciano Sena y Marcela Acu\u00f1a, y su hijo C\u00e9sar Sena, detenidos imputados del femicidio de Cecilia Strzyzowski.<\/p>\n\n\n\n<p>Pero, paralelamente, en una carta enviada a la \u201cprensa chaque\u00f1a\u201d desde una celda en la Divisi\u00f3n Violencia Familiar y de G\u00e9nero de la Polic\u00eda del Chaco, la propia Marcela deja en claro la cercan\u00eda personal y la de su organizaci\u00f3n con el Gobernador.<\/p>\n\n\n\n<p>La misiva, del mismo tenor de sus declaraciones previas a ser vinculada a la desaparici\u00f3n de Cecilia, pareja de su hijo, la l\u00edder de Mujeres al Frente insisti\u00f3 en declarar su inocencia y la de Emerenciano y C\u00e9sar.<\/p>\n\n\n\n<p>Seg\u00fan redact\u00f3, no hay evidencias de ning\u00fan tipo para incriminarlos, y pregunt\u00f3 por qu\u00e9 si, supuestamente, el autor del crimen fue su hijo C\u00e9sar, los fiscales le imputan el delito investigado tambi\u00e9n a ellos.<\/p>\n\n\n\n<p>Para ella, se trata de una operaci\u00f3n perge\u00f1ada por la oposici\u00f3n y los medios de comunicaci\u00f3n que denomin\u00f3 \u201ccomedia dantesca\u201d, con el fin de \u201catacar en serie a Emerenciano, a lo que \u00e9l significa, y a Capitanich, en un escenario electoral\u201d.<\/p>\n\n\n\n<p>El Partido Socialistas Unidos por el Chaco integra el Frente Chaque\u00f1o y particip\u00f3 en las Paso del 18 de junio impulsando la reelecci\u00f3n de Captanich y Anal\u00eda Rach Quiroga como candidatos a gobernador y vicegobernadora. Emerenciano encabezaba la lista de diputados provinciales y Marcela era precandidata a intendente de Resistencia. Adem\u00e1s, la pareja de colaboradores de su familia: Fabiana Gonz\u00e1lez y Gustavo Obreg\u00f3n, detenidos por encubrimiento en la misma causa, eran precandidatos a concejal en Resistencia y a diputado provincial, respectivamente.<\/p>\n\n\n\n<p>El Frente Chaque\u00f1o vet\u00f3 sus candidaturas, aunque no tuvo tiempo de reemplazar las boletas. Pero, adem\u00e1s, Capitanich pas\u00f3 a considerarlos pr\u00e1cticamente opositores al se\u00f1alar que el Movimiento Socialista Emerenciano realiz\u00f3 m\u00faltiples protestas contra su gobierno, y en las elecciones de 2019 compitieron con lista propia.<\/p>\n\n\n\n<p>Marcela Acu\u00f1a denuncia una trama del \u201cpartido judicial\u201d y sectores pol\u00edticos para eliminarlos por \u201cnegros\u201d y \u201csocialistas\u201d. \u201cHemos dados dignidad junto a un proyecto nacional y popular que nos permiti\u00f3 hacerlo\u201d, dijo al argumentar su parecer.<\/p>\n\n\n\n<p>Dijo que esta persecuci\u00f3n contin\u00faa a\u00fan en detenci\u00f3n, y siente que los fiscales la \u201cpasean esposada\u201d, exhibi\u00e9ndola como \u201ctrofeo\u201d. Y, adem\u00e1s, la tiene pr\u00e1cticamente incomunicada y hasta le prohibieron el ingreso de un libro de Cristina.<\/p>\n\n\n\n<p><strong>Preventiva y pericias<\/strong><\/p>\n\n\n\n<p>La semana pasada el equipo penal especial dict\u00f3 la prisi\u00f3n preventiva para Emerenciano, Marcela y C\u00e9sar, sus asistentes Gonz\u00e1lez y Obreg\u00f3n, y la pareja de puesteros de su chancher\u00eda en Campo Rossi: Gustavo Melgarejo y Griselda Reynoso.<\/p>\n\n\n\n<p>Este lunes los restos \u00f3seos humanos hallados en la chancher\u00eda fueron trasladados a C\u00f3rdoba para una contraprueba y la extracci\u00f3n de material gen\u00e9tico que permita determinar a quien corresponden. Para los abogados de la querella no hay dudas: son de Cecilia.<\/p>\n","protected":false},"excerpt":{"rendered":"<p>El gobernador Jorge Capitanich, sus funcionarios y legisladores del Frente Chaque\u00f1o se esfuerzan en poner distancia entre \u00e9l y los dirigentes Emerenciano Sena y Marcela Acu\u00f1a, y su hijo C\u00e9sar Sena, detenidos imputados del femicidio de Cecilia Strzyzowski. Pero, paralelamente, en una carta enviada a la \u201cprensa chaque\u00f1a\u201d desde una celda en la Divisi\u00f3n Violencia [&hellip;]<\/p>\n","protected":false},"author":1,"featured_media":2987,"comment_status":"open","ping_status":"open","sticky":false,"template":"","format":"standard","meta":{"footnotes":""},"categories":[27],"tags":[29,1813,1812,793,409,1052,1787,798],"class_list":["post-2986","post","type-post","status-publish","format-standard","has-post-thumbnail","hentry","category-politica","tag-capitanich","tag-cecilia","tag-cesar","tag-emerenciano","tag-femicidio","tag-frente-chaqueno","tag-marcela","tag-sena"],"_links":{"self":[{"href":"https:\/\/hdpnoticias.com.ar\/index.php?rest_route=\/wp\/v2\/posts\/2986","targetHints":{"allow":["GET"]}}],"collection":[{"href":"https:\/\/hdpnoticias.com.ar\/index.php?rest_route=\/wp\/v2\/posts"}],"about":[{"href":"https:\/\/hdpnoticias.com.ar\/index.php?rest_route=\/wp\/v2\/types\/post"}],"author":[{"embeddable":true,"href":"https:\/\/hdpnoticias.com.ar\/index.php?rest_route=\/wp\/v2\/users\/1"}],"replies":[{"embeddable":true,"href":"https:\/\/hdpnoticias.com.ar\/index.php?rest_route=%2Fwp%2Fv2%2Fcomments&post=2986"}],"version-history":[{"count":1,"href":"https:\/\/hdpnoticias.com.ar\/index.php?rest_route=\/wp\/v2\/posts\/2986\/revisions"}],"predecessor-version":[{"id":2988,"href":"https:\/\/hdpnoticias.com.ar\/index.php?rest_route=\/wp\/v2\/posts\/2986\/revisions\/2988"}],"wp:featuredmedia":[{"embeddable":true,"href":"https:\/\/hdpnoticias.com.ar\/index.php?rest_route=\/wp\/v2\/media\/2987"}],"wp:attachment":[{"href":"https:\/\/hdpnoticias.com.ar\/index.php?rest_route=%2Fwp%2Fv2%2Fmedia&parent=2986"}],"wp:term":[{"taxonomy":"category","embeddable":true,"href":"https:\/\/hdpnoticias.com.ar\/index.php?rest_route=%2Fwp%2Fv2%2Fcategories&post=2986"},{"taxonomy":"post_tag","embeddable":true,"href":"https:\/\/hdpnoticias.com.ar\/index.php?rest_route=%2Fwp%2Fv2%2Ftags&post=2986"}],"curies":[{"name":"wp","href":"https:\/\/api.w.org\/{rel}","templated":true}]}}