{"id":2983,"date":"2023-07-03T09:53:00","date_gmt":"2023-07-03T12:53:00","guid":{"rendered":"http:\/\/hdpnoticias.com.ar\/?p=2983"},"modified":"2023-07-03T09:53:03","modified_gmt":"2023-07-03T12:53:03","slug":"fin-de-semana-tragico-3-motociclistas-murieron-en-accidentes-de-transito","status":"publish","type":"post","link":"https:\/\/hdpnoticias.com.ar\/?p=2983","title":{"rendered":"Fin de semana tr\u00e1gico: 3 motociclistas murieron en accidentes de tr\u00e1nsito"},"content":{"rendered":"\n<p>Pablo de la Cruz Chartier, de 53 a\u00f1os, muri\u00f3 la noche del doingo en el kil\u00f3metro 189 de la ruta nacional 16, en inmediaciones de Presidencia Roque S\u00e1enz Pe\u00f1a, la noche del domingo.<\/p>\n\n\n\n<p>Viajaba en una Motomel de 110cc. cuando fue embestido por una Chevrolet S10 conducida por un hombre de 48 a\u00f1os. Muri\u00f3 en el acto.<\/p>\n\n\n\n<p>Antes, una Zanella de 90cc. y una motocargo Zanella Max 200, chocaron en la calle S\u00e1enz Pe\u00f1a, de Villa Bethet. El conductor del primer rodado, de 45 a\u00f1os, muri\u00f3.<\/p>\n\n\n\n<p>El s\u00e1bado, Juan Barreto, de 35 a\u00f1os, que circulaba en una Motomel de 110cc. <strong><a href=\"http:\/\/hdpnoticias.com.ar\/?p=2953\" target=\"_blank\" rel=\"noreferrer noopener\">muri\u00f3 embestido<\/a><\/strong> por un VW Fox Cross, manejado por un joven de 18 a\u00f1os, en la intersecci\u00f3n de las avenidas Belgrano y Malvinas Argentinas, en Resistencia.<\/p>\n","protected":false},"excerpt":{"rendered":"<p>Pablo de la Cruz Chartier, de 53 a\u00f1os, muri\u00f3 la noche del doingo en el kil\u00f3metro 189 de la ruta nacional 16, en inmediaciones de Presidencia Roque S\u00e1enz Pe\u00f1a, la noche del domingo. Viajaba en una Motomel de 110cc. cuando fue embestido por una Chevrolet S10 conducida por un hombre de 48 a\u00f1os. Muri\u00f3 en [&hellip;]<\/p>\n","protected":false},"author":1,"featured_media":2984,"comment_status":"open","ping_status":"open","sticky":false,"template":"","format":"standard","meta":{"footnotes":""},"categories":[26],"tags":[338,1983,78,49,218,389,95,1414,89,77],"class_list":["post-2983","post","type-post","status-publish","format-standard","has-post-thumbnail","hentry","category-policiales","tag-chevrolet","tag-fox-cross","tag-motomel","tag-resistencia","tag-ruta-16","tag-s10","tag-saenz-pena","tag-villa-berthet","tag-vw","tag-zanella"],"_links":{"self":[{"href":"https:\/\/hdpnoticias.com.ar\/index.php?rest_route=\/wp\/v2\/posts\/2983","targetHints":{"allow":["GET"]}}],"collection":[{"href":"https:\/\/hdpnoticias.com.ar\/index.php?rest_route=\/wp\/v2\/posts"}],"about":[{"href":"https:\/\/hdpnoticias.com.ar\/index.php?rest_route=\/wp\/v2\/types\/post"}],"author":[{"embeddable":true,"href":"https:\/\/hdpnoticias.com.ar\/index.php?rest_route=\/wp\/v2\/users\/1"}],"replies":[{"embeddable":true,"href":"https:\/\/hdpnoticias.com.ar\/index.php?rest_route=%2Fwp%2Fv2%2Fcomments&post=2983"}],"version-history":[{"count":1,"href":"https:\/\/hdpnoticias.com.ar\/index.php?rest_route=\/wp\/v2\/posts\/2983\/revisions"}],"predecessor-version":[{"id":2985,"href":"https:\/\/hdpnoticias.com.ar\/index.php?rest_route=\/wp\/v2\/posts\/2983\/revisions\/2985"}],"wp:featuredmedia":[{"embeddable":true,"href":"https:\/\/hdpnoticias.com.ar\/index.php?rest_route=\/wp\/v2\/media\/2984"}],"wp:attachment":[{"href":"https:\/\/hdpnoticias.com.ar\/index.php?rest_route=%2Fwp%2Fv2%2Fmedia&parent=2983"}],"wp:term":[{"taxonomy":"category","embeddable":true,"href":"https:\/\/hdpnoticias.com.ar\/index.php?rest_route=%2Fwp%2Fv2%2Fcategories&post=2983"},{"taxonomy":"post_tag","embeddable":true,"href":"https:\/\/hdpnoticias.com.ar\/index.php?rest_route=%2Fwp%2Fv2%2Ftags&post=2983"}],"curies":[{"name":"wp","href":"https:\/\/api.w.org\/{rel}","templated":true}]}}