{"id":2979,"date":"2023-07-03T01:57:00","date_gmt":"2023-07-03T04:57:00","guid":{"rendered":"http:\/\/hdpnoticias.com.ar\/?p=2979"},"modified":"2023-07-03T09:32:01","modified_gmt":"2023-07-03T12:32:01","slug":"san-juan-triunfo-opositor-tras-20-anos-de-peronismo","status":"publish","type":"post","link":"https:\/\/hdpnoticias.com.ar\/?p=2979","title":{"rendered":"San Juan: triunfo opositor tras 20 a\u00f1os de peronismo"},"content":{"rendered":"\n<p>El frente opositor Unidos por San Juan se impuso en las elecciones gubernamentales de San Juan con el 51,15% de los votos, frente al oficialista San Juan por Todos que sum\u00f3 el 44,26%.<\/p>\n\n\n\n<p>Dentro del frente ganador arras\u00f3 el diputado nacional Marcelo Orrego, que acumul\u00f3 49,36%, y fue electo gobernador.<\/p>\n\n\n\n<p>En el oficialismo el m\u00e1s votado fue el exgobernador Jos\u00e9 Luis Gioja con el 27,27%, superando a Rub\u00e9n U\u00f1ac, hermano del gobernador, que consigui\u00f3 el 16,99.<\/p>\n\n\n\n<p>El frente Desarrollo y Libertad, impulsado a nivel nacional por La Libertad Avanza, de Javier Milei, s\u00f3lo lleg\u00f3 al 1%.<\/p>\n\n\n\n<p>Las elecciones de San Juan concitaban la atenci\u00f3n nacional despu\u00e9s de ser suspendidas por la Corte Suprema de Justicia que declar\u00f3 inconstitucional otra reelecci\u00f3n del gobernador Sergio U\u00f1ac. \u00c9ste eligi\u00f3 como reemplazante a su hermano, que termin\u00f3 tercero.<\/p>\n\n\n\n<p>El resultado del escrutinio significa la salida del peronismo tras 20 a\u00f1os de gobierno en San Juan.<\/p>\n\n\n\n<p>El precandidato presidencial de Juntos por el Cambio: Horacio Rodr\u00edguez Larreta viaj\u00f3 para festejar el triunfo con Orrego junto a Mart\u00edn Lousteau y Jos\u00e9 Luis Espert.<\/p>\n","protected":false},"excerpt":{"rendered":"<p>El frente opositor Unidos por San Juan se impuso en las elecciones gubernamentales de San Juan con el 51,15% de los votos, frente al oficialista San Juan por Todos que sum\u00f3 el 44,26%. Dentro del frente ganador arras\u00f3 el diputado nacional Marcelo Orrego, que acumul\u00f3 49,36%, y fue electo gobernador. En el oficialismo el m\u00e1s [&hellip;]<\/p>\n","protected":false},"author":1,"featured_media":2980,"comment_status":"open","ping_status":"open","sticky":false,"template":"","format":"standard","meta":{"footnotes":""},"categories":[27],"tags":[246,1982,244,1583,1981,1337,1513,1516,1656],"class_list":["post-2979","post","type-post","status-publish","format-standard","has-post-thumbnail","hentry","category-politica","tag-elecciones","tag-gioja","tag-gobernador","tag-juntos","tag-ottego","tag-peronismo","tag-san-juan","tag-unac","tag-unidos"],"_links":{"self":[{"href":"https:\/\/hdpnoticias.com.ar\/index.php?rest_route=\/wp\/v2\/posts\/2979","targetHints":{"allow":["GET"]}}],"collection":[{"href":"https:\/\/hdpnoticias.com.ar\/index.php?rest_route=\/wp\/v2\/posts"}],"about":[{"href":"https:\/\/hdpnoticias.com.ar\/index.php?rest_route=\/wp\/v2\/types\/post"}],"author":[{"embeddable":true,"href":"https:\/\/hdpnoticias.com.ar\/index.php?rest_route=\/wp\/v2\/users\/1"}],"replies":[{"embeddable":true,"href":"https:\/\/hdpnoticias.com.ar\/index.php?rest_route=%2Fwp%2Fv2%2Fcomments&post=2979"}],"version-history":[{"count":2,"href":"https:\/\/hdpnoticias.com.ar\/index.php?rest_route=\/wp\/v2\/posts\/2979\/revisions"}],"predecessor-version":[{"id":2982,"href":"https:\/\/hdpnoticias.com.ar\/index.php?rest_route=\/wp\/v2\/posts\/2979\/revisions\/2982"}],"wp:featuredmedia":[{"embeddable":true,"href":"https:\/\/hdpnoticias.com.ar\/index.php?rest_route=\/wp\/v2\/media\/2980"}],"wp:attachment":[{"href":"https:\/\/hdpnoticias.com.ar\/index.php?rest_route=%2Fwp%2Fv2%2Fmedia&parent=2979"}],"wp:term":[{"taxonomy":"category","embeddable":true,"href":"https:\/\/hdpnoticias.com.ar\/index.php?rest_route=%2Fwp%2Fv2%2Fcategories&post=2979"},{"taxonomy":"post_tag","embeddable":true,"href":"https:\/\/hdpnoticias.com.ar\/index.php?rest_route=%2Fwp%2Fv2%2Ftags&post=2979"}],"curies":[{"name":"wp","href":"https:\/\/api.w.org\/{rel}","templated":true}]}}