{"id":2945,"date":"2023-06-30T15:31:22","date_gmt":"2023-06-30T18:31:22","guid":{"rendered":"http:\/\/hdpnoticias.com.ar\/?p=2945"},"modified":"2023-07-10T10:10:18","modified_gmt":"2023-07-10T13:10:18","slug":"siguen-los-exitos-piqueteros-de-coqui-y-eme-en-tour-de-protestas-en-buenos-aires","status":"publish","type":"post","link":"https:\/\/hdpnoticias.com.ar\/?p=2945","title":{"rendered":"Siguen los \u00e9xitos: piqueteros de Coqui y Eme en tour de protestas en Buenos Aires"},"content":{"rendered":"\n<p>Una nutrida delegaci\u00f3n de organizaciones sociales del Frente Chaque\u00f1o que lidera el gobernador Jorge Capitanich, regresaron de una gira piquetera de unos 10 d\u00edas en Buenos Aires, que comenz\u00f3 apenas transcurridas las elecciones del 18 de junio.<\/p>\n\n\n\n<p>La delegaci\u00f3n la integraron miembros del MTD Zona Norte, de Resistencia, que conduce Quint\u00edn G\u00f3mez, candidato a diputado provincial del Frente Chaque\u00f1o, y del MTD M\u00e1rtires C\u00f3rdoba, de San Bernardo.<\/p>\n\n\n\n<p>Esta \u00faltima organizaci\u00f3n compiti\u00f3 en las paso del oficialismo con la lista PSU que llevaba como primer diputado provincial al l\u00edder piquetero Emerenciano Sena, preso como uno de los principales sospechosos del femicidio de su nuera Cecilia Strzyzowski, junto a su esposa: Marcela Acu\u00f1a, su hijo C\u00e9sar Sena, m\u00e1s 4 estrechos colaboradores de la familia.<\/p>\n\n\n\n<figure class=\"wp-block-image size-full\"><img loading=\"lazy\" decoding=\"async\" width=\"771\" height=\"476\" src=\"http:\/\/hdpnoticias.com.ar\/wp-content\/uploads\/2023\/06\/Tour-piquetero-1.jpg\" alt=\"\" class=\"wp-image-2947\" srcset=\"https:\/\/hdpnoticias.com.ar\/wp-content\/uploads\/2023\/06\/Tour-piquetero-1.jpg 771w, https:\/\/hdpnoticias.com.ar\/wp-content\/uploads\/2023\/06\/Tour-piquetero-1-300x185.jpg 300w, https:\/\/hdpnoticias.com.ar\/wp-content\/uploads\/2023\/06\/Tour-piquetero-1-768x474.jpg 768w, https:\/\/hdpnoticias.com.ar\/wp-content\/uploads\/2023\/06\/Tour-piquetero-1-356x220.jpg 356w, https:\/\/hdpnoticias.com.ar\/wp-content\/uploads\/2023\/06\/Tour-piquetero-1-696x430.jpg 696w, https:\/\/hdpnoticias.com.ar\/wp-content\/uploads\/2023\/06\/Tour-piquetero-1-680x420.jpg 680w\" sizes=\"auto, (max-width: 771px) 100vw, 771px\" \/><figcaption class=\"wp-element-caption\">Los MTD Zona Norte, de Resistencia y M\u00e1rtires C\u00f3rdoba, de San Bernardo, en la protesta por el aniversario de los asesinatos de Maximiliano Kosteki y Dar\u00edo Santill\u00e1n en CABA.<\/figcaption><\/figure>\n","protected":false},"excerpt":{"rendered":"<p>Una nutrida delegaci\u00f3n de organizaciones sociales del Frente Chaque\u00f1o que lidera el gobernador Jorge Capitanich, regresaron de una gira piquetera de unos 10 d\u00edas en Buenos Aires, que comenz\u00f3 apenas transcurridas las elecciones del 18 de junio. La delegaci\u00f3n la integraron miembros del MTD Zona Norte, de Resistencia, que conduce Quint\u00edn G\u00f3mez, candidato a diputado [&hellip;]<\/p>\n","protected":false},"author":1,"featured_media":2946,"comment_status":"open","ping_status":"open","sticky":false,"template":"","format":"standard","meta":{"footnotes":""},"categories":[1],"tags":[1813,37,793,409,1052,1105,1967,1497,1965,1664,249,794,49,341,798],"class_list":["post-2945","post","type-post","status-publish","format-standard","has-post-thumbnail","hentry","category-pescado-podrido","tag-cecilia","tag-chaco","tag-emerenciano","tag-femicidio","tag-frente-chaqueno","tag-jujuy","tag-martires","tag-morales","tag-mtd-zona-norte","tag-obelisco","tag-paso","tag-quintin","tag-resistencia","tag-san-bernardo","tag-sena"],"_links":{"self":[{"href":"https:\/\/hdpnoticias.com.ar\/index.php?rest_route=\/wp\/v2\/posts\/2945","targetHints":{"allow":["GET"]}}],"collection":[{"href":"https:\/\/hdpnoticias.com.ar\/index.php?rest_route=\/wp\/v2\/posts"}],"about":[{"href":"https:\/\/hdpnoticias.com.ar\/index.php?rest_route=\/wp\/v2\/types\/post"}],"author":[{"embeddable":true,"href":"https:\/\/hdpnoticias.com.ar\/index.php?rest_route=\/wp\/v2\/users\/1"}],"replies":[{"embeddable":true,"href":"https:\/\/hdpnoticias.com.ar\/index.php?rest_route=%2Fwp%2Fv2%2Fcomments&post=2945"}],"version-history":[{"count":3,"href":"https:\/\/hdpnoticias.com.ar\/index.php?rest_route=\/wp\/v2\/posts\/2945\/revisions"}],"predecessor-version":[{"id":3109,"href":"https:\/\/hdpnoticias.com.ar\/index.php?rest_route=\/wp\/v2\/posts\/2945\/revisions\/3109"}],"wp:featuredmedia":[{"embeddable":true,"href":"https:\/\/hdpnoticias.com.ar\/index.php?rest_route=\/wp\/v2\/media\/2946"}],"wp:attachment":[{"href":"https:\/\/hdpnoticias.com.ar\/index.php?rest_route=%2Fwp%2Fv2%2Fmedia&parent=2945"}],"wp:term":[{"taxonomy":"category","embeddable":true,"href":"https:\/\/hdpnoticias.com.ar\/index.php?rest_route=%2Fwp%2Fv2%2Fcategories&post=2945"},{"taxonomy":"post_tag","embeddable":true,"href":"https:\/\/hdpnoticias.com.ar\/index.php?rest_route=%2Fwp%2Fv2%2Ftags&post=2945"}],"curies":[{"name":"wp","href":"https:\/\/api.w.org\/{rel}","templated":true}]}}