{"id":2925,"date":"2023-06-28T17:42:23","date_gmt":"2023-06-28T20:42:23","guid":{"rendered":"http:\/\/hdpnoticias.com.ar\/?p=2925"},"modified":"2023-07-10T10:13:34","modified_gmt":"2023-07-10T13:13:34","slug":"aclarado-el-campo-de-la-chancheria-de-sena-fue-cedido-por-capitanich-en-2015","status":"publish","type":"post","link":"https:\/\/hdpnoticias.com.ar\/?p=2925","title":{"rendered":"Aclarado: el campo de la chancher\u00eda de Sena fue cedido por Capitanich en 2015"},"content":{"rendered":"\n<p>El martes el Gobierno de Chaco difundi\u00f3 expresiones de la titular del Instituto de Colonizaci\u00f3n de la Provincia aseverando que el predio rural de Campo Rossi donde funcionan las chancher\u00edas de Emerenciano Sena fue otorgado en 2005 durante la gesti\u00f3n de Roy Nikisch.<\/p>\n\n\n\n<p>Con esto, el gobernador Jorge Capitanich pretendi\u00f3 desentenderse de la responsabilidad en la capitalizaci\u00f3n del dirigente piquetero del Gobierno y candidato del oficialista Frente Chaque\u00f1o, hoy detenido junto a su esposa Marcela Acu\u00f1a y su hijo C\u00e9sar Sena, como principales sospechosos del crimen de su nuera Cecilia Strzyzowski.<\/p>\n\n\n\n<p>Sin embargo, la versi\u00f3n de la funcionaria no tiene sustento.<\/p>\n\n\n\n<p>La cronolog\u00eda de la posesi\u00f3n de Sena data de 2003, cuando el dirigente social y un grupo de varias decenas de personas usurparon unas 28 hect\u00e1reas para desarrollar all\u00ed proyectos productivos aprobados por la Gerencia de Empleo del Ministerio de Trabajo de la Naci\u00f3n.<\/p>\n\n\n\n<p>En aquel momento el Instituto de Colonizaci\u00f3n releva la situaci\u00f3n y labra un acta sobre la ocupaci\u00f3n.<\/p>\n\n\n\n<p>Reci\u00e9n en 2013, durante el segundo gobierno de Capitanich, Sena, a t\u00edtulo personal, solicita la regularizaci\u00f3n de la tierra ante el Instituto de Colonizaci\u00f3n.<\/p>\n\n\n\n<p>El organismo provincial accede a la adjudicaci\u00f3n en venta en beneficio de Sena y Acu\u00f1a, y la venta y titularizaci\u00f3n se hace efectiva el 16 de marzo de 2015, d\u00edas despu\u00e9s de la reasunci\u00f3n de Capitanich como gobernador tras su paso por la Jefatura de Gabinete de la Naci\u00f3n en la segunda presidencia de Cristina Fern\u00e1ndez.<\/p>\n\n\n\n<p>El terreno en cuesti\u00f3n tiene una extensi\u00f3n de 27 hect\u00e1reas y fue tasado en 14.593,89 pesos.<\/p>\n\n\n\n<figure class=\"wp-block-image size-full\"><img loading=\"lazy\" decoding=\"async\" width=\"720\" height=\"940\" src=\"http:\/\/hdpnoticias.com.ar\/wp-content\/uploads\/2023\/06\/353865189_663423618478296_272506856827066586_n.jpg\" alt=\"\" class=\"wp-image-2926\" srcset=\"https:\/\/hdpnoticias.com.ar\/wp-content\/uploads\/2023\/06\/353865189_663423618478296_272506856827066586_n.jpg 720w, https:\/\/hdpnoticias.com.ar\/wp-content\/uploads\/2023\/06\/353865189_663423618478296_272506856827066586_n-230x300.jpg 230w, https:\/\/hdpnoticias.com.ar\/wp-content\/uploads\/2023\/06\/353865189_663423618478296_272506856827066586_n-696x909.jpg 696w, https:\/\/hdpnoticias.com.ar\/wp-content\/uploads\/2023\/06\/353865189_663423618478296_272506856827066586_n-322x420.jpg 322w\" sizes=\"auto, (max-width: 720px) 100vw, 720px\" \/><\/figure>\n","protected":false},"excerpt":{"rendered":"<p>El martes el Gobierno de Chaco difundi\u00f3 expresiones de la titular del Instituto de Colonizaci\u00f3n de la Provincia aseverando que el predio rural de Campo Rossi donde funcionan las chancher\u00edas de Emerenciano Sena fue otorgado en 2005 durante la gesti\u00f3n de Roy Nikisch. Con esto, el gobernador Jorge Capitanich pretendi\u00f3 desentenderse de la responsabilidad en [&hellip;]<\/p>\n","protected":false},"author":1,"featured_media":2927,"comment_status":"open","ping_status":"open","sticky":false,"template":"","format":"standard","meta":{"footnotes":""},"categories":[27],"tags":[1830,29,1813,1812,1825,1956,793,409,1787,1955,798,82],"class_list":["post-2925","post","type-post","status-publish","format-standard","has-post-thumbnail","hentry","category-politica","tag-campo","tag-capitanich","tag-cecilia","tag-cesar","tag-chancheria","tag-colonizacion","tag-emerenciano","tag-femicidio","tag-marcela","tag-nikisch","tag-sena","tag-usurpacion"],"_links":{"self":[{"href":"https:\/\/hdpnoticias.com.ar\/index.php?rest_route=\/wp\/v2\/posts\/2925","targetHints":{"allow":["GET"]}}],"collection":[{"href":"https:\/\/hdpnoticias.com.ar\/index.php?rest_route=\/wp\/v2\/posts"}],"about":[{"href":"https:\/\/hdpnoticias.com.ar\/index.php?rest_route=\/wp\/v2\/types\/post"}],"author":[{"embeddable":true,"href":"https:\/\/hdpnoticias.com.ar\/index.php?rest_route=\/wp\/v2\/users\/1"}],"replies":[{"embeddable":true,"href":"https:\/\/hdpnoticias.com.ar\/index.php?rest_route=%2Fwp%2Fv2%2Fcomments&post=2925"}],"version-history":[{"count":3,"href":"https:\/\/hdpnoticias.com.ar\/index.php?rest_route=\/wp\/v2\/posts\/2925\/revisions"}],"predecessor-version":[{"id":3113,"href":"https:\/\/hdpnoticias.com.ar\/index.php?rest_route=\/wp\/v2\/posts\/2925\/revisions\/3113"}],"wp:featuredmedia":[{"embeddable":true,"href":"https:\/\/hdpnoticias.com.ar\/index.php?rest_route=\/wp\/v2\/media\/2927"}],"wp:attachment":[{"href":"https:\/\/hdpnoticias.com.ar\/index.php?rest_route=%2Fwp%2Fv2%2Fmedia&parent=2925"}],"wp:term":[{"taxonomy":"category","embeddable":true,"href":"https:\/\/hdpnoticias.com.ar\/index.php?rest_route=%2Fwp%2Fv2%2Fcategories&post=2925"},{"taxonomy":"post_tag","embeddable":true,"href":"https:\/\/hdpnoticias.com.ar\/index.php?rest_route=%2Fwp%2Fv2%2Ftags&post=2925"}],"curies":[{"name":"wp","href":"https:\/\/api.w.org\/{rel}","templated":true}]}}