{"id":2917,"date":"2023-06-27T21:57:01","date_gmt":"2023-06-28T00:57:01","guid":{"rendered":"http:\/\/hdpnoticias.com.ar\/?p=2917"},"modified":"2023-07-10T10:15:17","modified_gmt":"2023-07-10T13:15:17","slug":"capitanich-alterado-insistio-en-despegarse-de-sena-y-dijo-ser-victima-de-la-oposicion-y-la-prensa","status":"publish","type":"post","link":"https:\/\/hdpnoticias.com.ar\/?p=2917","title":{"rendered":"Capitanich alterado insisti\u00f3 en despegarse de Sena y dijo ser v\u00edctima de la oposici\u00f3n y la prensa"},"content":{"rendered":"\n<p>Notoriamente ofuscado, el gobernador Jorge Capitanich ofreci\u00f3 un discurso para negar versiones period\u00edsticas sobre un contacto telef\u00f3nico que habr\u00eda mantenido con el l\u00edder piquetero Emerenciano Sena cuando el caso por la desaparici\u00f3n y femicidio de Cecilia Strzyzowski ya hab\u00eda tomado estado p\u00fablico.<\/p>\n\n\n\n<p>Rodeado de un centenar de funcionarios de su gobierno, legisladores, intendentes y candidatos del Frente Chaque\u00f1o, volvi\u00f3 a rotular el caso Cecilia como \u201cun hecho policial\u201d y apunt\u00f3 contra sectores de la oposici\u00f3n y la prensa acus\u00e1ndolos de montaron una operaci\u00f3n con el exclusivo fin de atacarlo sistem\u00e1ticamente.<\/p>\n\n\n\n<p>Finalmente dijo que se siente sumamente conmovido y profundamente dolorido por la desaparici\u00f3n de Cecilia, y asegur\u00f3 que su gobierno est\u00e1 a disposici\u00f3n de la Justicia, colaborando desde el primer momento.<\/p>\n\n\n\n<p>\u201cNuestra \u00fanica bandera es la de Justicia por Cecilia\u201d, remat\u00f3.<\/p>\n\n\n\n<p>Al final de una larga exposici\u00f3n, respondi\u00f3 preguntas de algunos periodistas, oportunidad que aprovech\u00f3 para repetir que se siente v\u00edctima de un artero ataque con exclusiva finalidad pol\u00edtica.<\/p>\n\n\n\n<p>Respecto de sus v\u00ednculos pol\u00edticos con Emerrenciano Sena, precandidato a diputado provincial por el Frente Chaque\u00f1o, y Marcela Acula, precandidata intendente, y otros 2 detenidos: Gustavo Obreg\u00f3n y Fabiana Gonz\u00e1lez, precandidatos a diputado y concejal capitalina, dijo que la alianza oficialista decidi\u00f3 r\u00e1pidamente apartarlos de la lista.<\/p>\n\n\n\n<p>En el mismo sentido, dijo que al momento de proclamar candidatos no puede prever actos sobrevinientes propios de la conducta individual. Adem\u00e1s, dijo que era \u201cuna de las 14 boletas del Frente Chaque\u00f1o. Pero no hizo menci\u00f3n a la situaci\u00f3n del intendente de Villa R\u00edo Bermejito: Julio Paredez, imputado por abuso sexual de menores hace m\u00e1s de 2 a\u00f1os, que espera la convocatoria al juicio oral y que en las Paso busc\u00f3 su reelecci\u00f3n en la boleta oficial 17 de Octubre, y sin embargo no mereci\u00f3 tacha alguna.<\/p>\n","protected":false},"excerpt":{"rendered":"<p>Notoriamente ofuscado, el gobernador Jorge Capitanich ofreci\u00f3 un discurso para negar versiones period\u00edsticas sobre un contacto telef\u00f3nico que habr\u00eda mantenido con el l\u00edder piquetero Emerenciano Sena cuando el caso por la desaparici\u00f3n y femicidio de Cecilia Strzyzowski ya hab\u00eda tomado estado p\u00fablico. Rodeado de un centenar de funcionarios de su gobierno, legisladores, intendentes y candidatos [&hellip;]<\/p>\n","protected":false},"author":1,"featured_media":2915,"comment_status":"open","ping_status":"open","sticky":false,"template":"","format":"standard","meta":{"footnotes":""},"categories":[27],"tags":[945,29,1813,793,409,1052,1014,1900,1129,798],"class_list":["post-2917","post","type-post","status-publish","format-standard","has-post-thumbnail","hentry","category-politica","tag-abuso-sexual","tag-capitanich","tag-cecilia","tag-emerenciano","tag-femicidio","tag-frente-chaqueno","tag-oposicion","tag-paredez","tag-prensa","tag-sena"],"_links":{"self":[{"href":"https:\/\/hdpnoticias.com.ar\/index.php?rest_route=\/wp\/v2\/posts\/2917","targetHints":{"allow":["GET"]}}],"collection":[{"href":"https:\/\/hdpnoticias.com.ar\/index.php?rest_route=\/wp\/v2\/posts"}],"about":[{"href":"https:\/\/hdpnoticias.com.ar\/index.php?rest_route=\/wp\/v2\/types\/post"}],"author":[{"embeddable":true,"href":"https:\/\/hdpnoticias.com.ar\/index.php?rest_route=\/wp\/v2\/users\/1"}],"replies":[{"embeddable":true,"href":"https:\/\/hdpnoticias.com.ar\/index.php?rest_route=%2Fwp%2Fv2%2Fcomments&post=2917"}],"version-history":[{"count":3,"href":"https:\/\/hdpnoticias.com.ar\/index.php?rest_route=\/wp\/v2\/posts\/2917\/revisions"}],"predecessor-version":[{"id":3115,"href":"https:\/\/hdpnoticias.com.ar\/index.php?rest_route=\/wp\/v2\/posts\/2917\/revisions\/3115"}],"wp:featuredmedia":[{"embeddable":true,"href":"https:\/\/hdpnoticias.com.ar\/index.php?rest_route=\/wp\/v2\/media\/2915"}],"wp:attachment":[{"href":"https:\/\/hdpnoticias.com.ar\/index.php?rest_route=%2Fwp%2Fv2%2Fmedia&parent=2917"}],"wp:term":[{"taxonomy":"category","embeddable":true,"href":"https:\/\/hdpnoticias.com.ar\/index.php?rest_route=%2Fwp%2Fv2%2Fcategories&post=2917"},{"taxonomy":"post_tag","embeddable":true,"href":"https:\/\/hdpnoticias.com.ar\/index.php?rest_route=%2Fwp%2Fv2%2Ftags&post=2917"}],"curies":[{"name":"wp","href":"https:\/\/api.w.org\/{rel}","templated":true}]}}