{"id":2903,"date":"2023-06-27T01:44:00","date_gmt":"2023-06-27T04:44:00","guid":{"rendered":"http:\/\/hdpnoticias.com.ar\/?p=2903"},"modified":"2023-06-27T06:48:47","modified_gmt":"2023-06-27T09:48:47","slug":"caso-cecilia-la-secre-de-marcela-acuna-amplio-su-indagatoria","status":"publish","type":"post","link":"https:\/\/hdpnoticias.com.ar\/?p=2903","title":{"rendered":"Caso Cecilia: la \u201csecre\u201d de Marcela Acu\u00f1a ampli\u00f3 su indagatoria"},"content":{"rendered":"\n<p>La tarde de este lunes Fabiana Gonz\u00e1lez solicit\u00f3 ampliar su declaraci\u00f3n indagatoria en la causa por el femicidio de Cecilia Strzyzowski, en la que est\u00e1 detenida acusada de ser part\u00edcipe necesario del crimen.<\/p>\n\n\n\n<p>Es militante del movimiento Mujeres al Frente, oficiaba de \u201cmano derecha\u201d de la l\u00edder de la organizaci\u00f3n: Marcela Acu\u00f1a.<\/p>\n\n\n\n<p>Ella y su marido: Gustavo Obreg\u00f3n, eran estrechos colaboradores de la familia Sena: Marcela, Emerenciano y C\u00e9sar, pareja de Cecilia, todos detenidos, al igual que la pareja de puesteros de la chancher\u00eda de Campo Rossi: Gustavo Melgarejo y Griselda Reinoso.<\/p>\n\n\n\n<p>Hasta ac\u00e1 los mayores aportes a la investigaci\u00f3n surgieron de la indagatoria de Obreg\u00f3n, que se\u00f1al\u00f3 los lugares del r\u00edo Tragadero y el barrio Emerenciano donde \u00e9l y C\u00e9sar descartaron objetos y hasta restos \u00f3seos que son peritados por especialistas.<\/p>\n\n\n\n<p>En su primera presentaci\u00f3n ante los fiscales, Fabiana hab\u00eda dicho que Marcela le orden\u00f3 limpiar toda la casa el d\u00eda en que se presume que asesinaron a Cecilia.<\/p>\n\n\n\n<p>Ahora se aguarda la reacci\u00f3n de los investigadores tras su \u00faltima declaraci\u00f3n, sobre todo teniendo en cuenta que acept\u00f3 responder preguntas.<\/p>\n","protected":false},"excerpt":{"rendered":"<p>La tarde de este lunes Fabiana Gonz\u00e1lez solicit\u00f3 ampliar su declaraci\u00f3n indagatoria en la causa por el femicidio de Cecilia Strzyzowski, en la que est\u00e1 detenida acusada de ser part\u00edcipe necesario del crimen. Es militante del movimiento Mujeres al Frente, oficiaba de \u201cmano derecha\u201d de la l\u00edder de la organizaci\u00f3n: Marcela Acu\u00f1a. Ella y su [&hellip;]<\/p>\n","protected":false},"author":1,"featured_media":2904,"comment_status":"open","ping_status":"open","sticky":false,"template":"","format":"standard","meta":{"footnotes":""},"categories":[26],"tags":[805,1813,1812,793,1949,409,1948,49,798],"class_list":["post-2903","post","type-post","status-publish","format-standard","has-post-thumbnail","hentry","category-policiales","tag-acuna","tag-cecilia","tag-cesar","tag-emerenciano","tag-fabiana","tag-femicidio","tag-obregon","tag-resistencia","tag-sena"],"_links":{"self":[{"href":"https:\/\/hdpnoticias.com.ar\/index.php?rest_route=\/wp\/v2\/posts\/2903","targetHints":{"allow":["GET"]}}],"collection":[{"href":"https:\/\/hdpnoticias.com.ar\/index.php?rest_route=\/wp\/v2\/posts"}],"about":[{"href":"https:\/\/hdpnoticias.com.ar\/index.php?rest_route=\/wp\/v2\/types\/post"}],"author":[{"embeddable":true,"href":"https:\/\/hdpnoticias.com.ar\/index.php?rest_route=\/wp\/v2\/users\/1"}],"replies":[{"embeddable":true,"href":"https:\/\/hdpnoticias.com.ar\/index.php?rest_route=%2Fwp%2Fv2%2Fcomments&post=2903"}],"version-history":[{"count":1,"href":"https:\/\/hdpnoticias.com.ar\/index.php?rest_route=\/wp\/v2\/posts\/2903\/revisions"}],"predecessor-version":[{"id":2905,"href":"https:\/\/hdpnoticias.com.ar\/index.php?rest_route=\/wp\/v2\/posts\/2903\/revisions\/2905"}],"wp:featuredmedia":[{"embeddable":true,"href":"https:\/\/hdpnoticias.com.ar\/index.php?rest_route=\/wp\/v2\/media\/2904"}],"wp:attachment":[{"href":"https:\/\/hdpnoticias.com.ar\/index.php?rest_route=%2Fwp%2Fv2%2Fmedia&parent=2903"}],"wp:term":[{"taxonomy":"category","embeddable":true,"href":"https:\/\/hdpnoticias.com.ar\/index.php?rest_route=%2Fwp%2Fv2%2Fcategories&post=2903"},{"taxonomy":"post_tag","embeddable":true,"href":"https:\/\/hdpnoticias.com.ar\/index.php?rest_route=%2Fwp%2Fv2%2Ftags&post=2903"}],"curies":[{"name":"wp","href":"https:\/\/api.w.org\/{rel}","templated":true}]}}