{"id":2873,"date":"2023-06-25T10:08:55","date_gmt":"2023-06-25T13:08:55","guid":{"rendered":"http:\/\/hdpnoticias.com.ar\/?p=2873"},"modified":"2023-06-25T10:08:57","modified_gmt":"2023-06-25T13:08:57","slug":"diputados-nacionales-oficialismo-y-oposicion-van-con-listas-unicas-en-chaco","status":"publish","type":"post","link":"https:\/\/hdpnoticias.com.ar\/?p=2873","title":{"rendered":"Diputados nacionales: oficialismo y oposici\u00f3n van con listas \u00fanicas en Chaco"},"content":{"rendered":"\n<p>Chaco renueva este a\u00f1o 3 de las 7 bancas en la C\u00e1mara de Diputados de la Naci\u00f3n. A la medianoche del s\u00e1bado venci\u00f3 al plazo para la inscripci\u00f3n de candidatos y los 2 frentes mayoritarios presentaron sendas listas de \u201cunidad\u201d.<\/p>\n\n\n\n<p>Las miradas estaban puestas en las negociaciones que podr\u00edan darse en el oficialista Unidad por la Patria despu\u00e9s de la derrota en las Paso provinciales del domingo pasado, para intentar sumar a alguno de los otros sectores peronistas que se hab\u00edan presentado como alternativas.<\/p>\n\n\n\n<p>Sin embargo, la lista cerr\u00f3 sin novedades al respecto: el primer lugar lo ocupa Aldo Leiva, que va por la reelecci\u00f3n, en el segundo Julieta Campo, y en el tercero Osvaldo P\u00e9rez Cuevas.<\/p>\n\n\n\n<p>A nivel nacional se pretend\u00eda que la f\u00f3rmula Sergio Massa \u2013 Agust\u00edn Rossi no tuviera oposici\u00f3n, pero habr\u00e1 internas: la disconformidad llev\u00f3 a Juan Grabois a inscribir su precandidatura presidencial segundado por Paula Abal Medina.<\/p>\n\n\n\n<p>En Juntos por el Cambio, que en las Paso provinciales hab\u00eda presentado 2 propuestas encabezadas por Leandro Zdero y Juan Carlos Polini, en esta oportunidad unific\u00f3 el criterio: Gerardo Cipolini encabeza la lista buscando su reelecci\u00f3n, le siguen Lorena Meiri\u00f1o y Carlos Favar\u00f3n.<\/p>\n\n\n\n<p>Esta lista ir\u00e1 adosada a las 2 propuestas presidenciales de Juntos por el Cambio: Horacio Rodr\u00edguez Larreta \u2013 Gerardo Morales, por un lado, y Patricia Bullrich \u2013 Luis Petri, por el otro.<\/p>\n","protected":false},"excerpt":{"rendered":"<p>Chaco renueva este a\u00f1o 3 de las 7 bancas en la C\u00e1mara de Diputados de la Naci\u00f3n. A la medianoche del s\u00e1bado venci\u00f3 al plazo para la inscripci\u00f3n de candidatos y los 2 frentes mayoritarios presentaron sendas listas de \u201cunidad\u201d. Las miradas estaban puestas en las negociaciones que podr\u00edan darse en el oficialista Unidad por [&hellip;]<\/p>\n","protected":false},"author":1,"featured_media":2874,"comment_status":"open","ping_status":"open","sticky":false,"template":"","format":"standard","meta":{"footnotes":""},"categories":[27],"tags":[37,395,450,1937,249,1898],"class_list":["post-2873","post","type-post","status-publish","format-standard","has-post-thumbnail","hentry","category-politica","tag-chaco","tag-cipolini","tag-juntos-por-el-cambio","tag-leiva","tag-paso","tag-union-por-la-patria"],"_links":{"self":[{"href":"https:\/\/hdpnoticias.com.ar\/index.php?rest_route=\/wp\/v2\/posts\/2873","targetHints":{"allow":["GET"]}}],"collection":[{"href":"https:\/\/hdpnoticias.com.ar\/index.php?rest_route=\/wp\/v2\/posts"}],"about":[{"href":"https:\/\/hdpnoticias.com.ar\/index.php?rest_route=\/wp\/v2\/types\/post"}],"author":[{"embeddable":true,"href":"https:\/\/hdpnoticias.com.ar\/index.php?rest_route=\/wp\/v2\/users\/1"}],"replies":[{"embeddable":true,"href":"https:\/\/hdpnoticias.com.ar\/index.php?rest_route=%2Fwp%2Fv2%2Fcomments&post=2873"}],"version-history":[{"count":1,"href":"https:\/\/hdpnoticias.com.ar\/index.php?rest_route=\/wp\/v2\/posts\/2873\/revisions"}],"predecessor-version":[{"id":2875,"href":"https:\/\/hdpnoticias.com.ar\/index.php?rest_route=\/wp\/v2\/posts\/2873\/revisions\/2875"}],"wp:featuredmedia":[{"embeddable":true,"href":"https:\/\/hdpnoticias.com.ar\/index.php?rest_route=\/wp\/v2\/media\/2874"}],"wp:attachment":[{"href":"https:\/\/hdpnoticias.com.ar\/index.php?rest_route=%2Fwp%2Fv2%2Fmedia&parent=2873"}],"wp:term":[{"taxonomy":"category","embeddable":true,"href":"https:\/\/hdpnoticias.com.ar\/index.php?rest_route=%2Fwp%2Fv2%2Fcategories&post=2873"},{"taxonomy":"post_tag","embeddable":true,"href":"https:\/\/hdpnoticias.com.ar\/index.php?rest_route=%2Fwp%2Fv2%2Ftags&post=2873"}],"curies":[{"name":"wp","href":"https:\/\/api.w.org\/{rel}","templated":true}]}}