{"id":2867,"date":"2023-06-24T15:18:58","date_gmt":"2023-06-24T18:18:58","guid":{"rendered":"http:\/\/hdpnoticias.com.ar\/?p=2867"},"modified":"2023-06-24T15:19:02","modified_gmt":"2023-06-24T18:19:02","slug":"video-2-delincuentes-armados-le-robaron-la-pistola-y-la-moto-a-un-policia","status":"publish","type":"post","link":"https:\/\/hdpnoticias.com.ar\/?p=2867","title":{"rendered":"VIDEO | 2 delincuentes armados le robaron la pistola y la moto a un polic\u00eda"},"content":{"rendered":"\n<p>Lautaro Gauna, de 24 a\u00f1os, cabo de la Polic\u00eda del Chaco, que presta servicios en la Divisi\u00f3n Infanter\u00eda, fue asaltado la madrugada de este s\u00e1bado en la zona sur de Resistencia.<\/p>\n\n\n\n<p>Estaba en un quiosco en la esquina de la avenida Chaco y la calle Toledo, y al retirarse fue abordado por 2 sujetos armados con fines de robo.<\/p>\n\n\n\n<p>Al advertir que se trataba de un polic\u00eda, ambos se abalanzaron sobre \u00e9l y se produjo un forcejeo en el que los 3 rodaron por el suelo.<\/p>\n\n\n\n<p>Finalmente los delincuentes le arrebataron su pistola reglamentaria Bersa Thunder PRO 9 mil\u00edmetros. Y escaparon con el arma y su moto Honda Wave.<\/p>\n\n\n\n<p>La escena fue captada por las c\u00e1maras de seguridad del local y los ladrones ya habr\u00edan sido identificados.<\/p>\n\n\n\n<iframe loading=\"lazy\" src=\"https:\/\/www.facebook.com\/plugins\/video.php?height=264&#038;href=https%3A%2F%2Fwww.facebook.com%2Fhdpchaco%2Fvideos%2F299825929274944%2F&#038;show_text=false&#038;width=560&#038;t=0\" width=\"560\" height=\"264\" style=\"border:none;overflow:hidden\" scrolling=\"no\" frameborder=\"0\" allowfullscreen=\"true\" allow=\"autoplay; clipboard-write; encrypted-media; picture-in-picture; web-share\" allowFullScreen=\"true\"><\/iframe>\n","protected":false},"excerpt":{"rendered":"<p>Lautaro Gauna, de 24 a\u00f1os, cabo de la Polic\u00eda del Chaco, que presta servicios en la Divisi\u00f3n Infanter\u00eda, fue asaltado la madrugada de este s\u00e1bado en la zona sur de Resistencia. Estaba en un quiosco en la esquina de la avenida Chaco y la calle Toledo, y al retirarse fue abordado por 2 sujetos armados [&hellip;]<\/p>\n","protected":false},"author":1,"featured_media":2868,"comment_status":"open","ping_status":"open","sticky":false,"template":"","format":"standard","meta":{"footnotes":""},"categories":[26],"tags":[1933,37,445,661,55,558,49,1934,647,97],"class_list":["post-2867","post","type-post","status-publish","format-standard","has-post-thumbnail","hentry","category-policiales","tag-bersa","tag-chaco","tag-honda","tag-infanteria","tag-policia","tag-pro","tag-resistencia","tag-thunder","tag-wave","tag-zona-sur"],"_links":{"self":[{"href":"https:\/\/hdpnoticias.com.ar\/index.php?rest_route=\/wp\/v2\/posts\/2867","targetHints":{"allow":["GET"]}}],"collection":[{"href":"https:\/\/hdpnoticias.com.ar\/index.php?rest_route=\/wp\/v2\/posts"}],"about":[{"href":"https:\/\/hdpnoticias.com.ar\/index.php?rest_route=\/wp\/v2\/types\/post"}],"author":[{"embeddable":true,"href":"https:\/\/hdpnoticias.com.ar\/index.php?rest_route=\/wp\/v2\/users\/1"}],"replies":[{"embeddable":true,"href":"https:\/\/hdpnoticias.com.ar\/index.php?rest_route=%2Fwp%2Fv2%2Fcomments&post=2867"}],"version-history":[{"count":1,"href":"https:\/\/hdpnoticias.com.ar\/index.php?rest_route=\/wp\/v2\/posts\/2867\/revisions"}],"predecessor-version":[{"id":2869,"href":"https:\/\/hdpnoticias.com.ar\/index.php?rest_route=\/wp\/v2\/posts\/2867\/revisions\/2869"}],"wp:featuredmedia":[{"embeddable":true,"href":"https:\/\/hdpnoticias.com.ar\/index.php?rest_route=\/wp\/v2\/media\/2868"}],"wp:attachment":[{"href":"https:\/\/hdpnoticias.com.ar\/index.php?rest_route=%2Fwp%2Fv2%2Fmedia&parent=2867"}],"wp:term":[{"taxonomy":"category","embeddable":true,"href":"https:\/\/hdpnoticias.com.ar\/index.php?rest_route=%2Fwp%2Fv2%2Fcategories&post=2867"},{"taxonomy":"post_tag","embeddable":true,"href":"https:\/\/hdpnoticias.com.ar\/index.php?rest_route=%2Fwp%2Fv2%2Ftags&post=2867"}],"curies":[{"name":"wp","href":"https:\/\/api.w.org\/{rel}","templated":true}]}}