{"id":2831,"date":"2023-06-21T22:18:10","date_gmt":"2023-06-22T01:18:10","guid":{"rendered":"http:\/\/hdpnoticias.com.ar\/?p=2831"},"modified":"2023-06-21T22:18:12","modified_gmt":"2023-06-22T01:18:12","slug":"video-por-las-dudas-capitanich-hablo-de-manejo-transparente-pero-ordeno-auditar-la-fundacion-de-sena","status":"publish","type":"post","link":"https:\/\/hdpnoticias.com.ar\/?p=2831","title":{"rendered":"VIDEO | Por las dudas: Capitanich habl\u00f3 de \u201cmanejo transparente\u201d pero orden\u00f3 auditar la Fundaci\u00f3n de Sena"},"content":{"rendered":"\n<p>El Gobierno provincial decidi\u00f3 la intervenci\u00f3n de la Fundaci\u00f3n Doctor Andr\u00e9s Sa\u00fal Acu\u00f1a por la detenci\u00f3n de sus autoridades: los dirigentes sociales Emerenciano Sena y Marcela Acu\u00f1a, en la causa por la desaparici\u00f3n y femicidio de Cecilia Strzyzowski, pareja de su hijo: C\u00e9sar Sena, tambi\u00e9n detenidos. <\/p>\n\n\n\n<p>Por el caso tambi\u00e9n est\u00e1n detenidas itras 4 personas de su entorno, entre ellas el tercer integrante del directorio de la Fundaci\u00f3n, que tiene su sede en la avenida Edison pero domicilio legal en la casa de la familia Sena en la calle Santa Mar\u00eda de Oro.<\/p>\n\n\n\n<p>La intervenci\u00f3n hab\u00eda sido anunciada por el gobernador Jorge Capitanich el \u00faltimo domingo en conferencia de prensa el \u00faltimo domingo al emitir su voto en las elecciones primarias. Sin embargo, el titular de la Direcci\u00f3n de Personas Jur\u00eddicas: Eduardo Colombo, dijo este mi\u00e9rcoles que la intervenci\u00f3n tom\u00f3 el control de la Fundaci\u00f3n el jueves 15 de junio.<\/p>\n\n\n\n<p>Fueron designados interventores el director de la Fundaci\u00f3n Chaco Solidario: Hern\u00e1n Knezovich y Mirta Morel.<\/p>\n\n\n\n<p>El funcionario dijo adem\u00e1s haber recibido expresas instrucciones del Gobernador para iniciar un proceso de auditor\u00eda en todas las \u00e1reas en las que la Fundaci\u00f3n realizaba actividades: Salud, Educaci\u00f3n y construcci\u00f3n de viviendas, para verificar el manejo de los fondos girados por la Provincia y el destino que Sena y Acu\u00f1a le dieron a los mismos.<\/p>\n\n\n\n<p>Las dudas que llevan a auditar la administraci\u00f3n de la Fundaci\u00f3n contradicen las expresiones del mismo Capitanich que el domingo defendi\u00f3 el financiamiento oficial de este tipo de organizaciones sociales aseverando que el giro de los recursos, su administraci\u00f3n y el destino de los mismos es \u201cabsolutamente transparente\u201d, que se firman convenios espec\u00edficos que en todas sus etapas son sometidos a los \u00f3rganos de contralor competentes tanto provinciales como nacionales.<\/p>\n\n\n\n<p>Esto sucede paralelamente con el levantamiento del secreto fiscal de los involucrados dispuesto por la jueza federal Zunilda Niremperger a instancias del fiscal Patricio Sabadini, que investiga evasi\u00f3n y lavado de activos.<\/p>\n\n\n\n<iframe loading=\"lazy\" src=\"https:\/\/www.facebook.com\/plugins\/video.php?height=391&#038;href=https%3A%2F%2Fwww.facebook.com%2Fhdpchaco%2Fvideos%2F276782238233863%2F&#038;show_text=false&#038;width=560&#038;t=0\" width=\"560\" height=\"391\" style=\"border:none;overflow:hidden\" scrolling=\"no\" frameborder=\"0\" allowfullscreen=\"true\" allow=\"autoplay; clipboard-write; encrypted-media; picture-in-picture; web-share\" allowFullScreen=\"true\"><\/iframe>\n","protected":false},"excerpt":{"rendered":"<p>El Gobierno provincial decidi\u00f3 la intervenci\u00f3n de la Fundaci\u00f3n Doctor Andr\u00e9s Sa\u00fal Acu\u00f1a por la detenci\u00f3n de sus autoridades: los dirigentes sociales Emerenciano Sena y Marcela Acu\u00f1a, en la causa por la desaparici\u00f3n y femicidio de Cecilia Strzyzowski, pareja de su hijo: C\u00e9sar Sena, tambi\u00e9n detenidos. Por el caso tambi\u00e9n est\u00e1n detenidas itras 4 personas [&hellip;]<\/p>\n","protected":false},"author":1,"featured_media":2832,"comment_status":"open","ping_status":"open","sticky":false,"template":"","format":"standard","meta":{"footnotes":""},"categories":[27],"tags":[805,1912,285,1913,1914,1007,56,561,798],"class_list":["post-2831","post","type-post","status-publish","format-standard","has-post-thumbnail","hentry","category-politica","tag-acuna","tag-auditoria","tag-detenidos","tag-emerencianocecilia","tag-femcidio","tag-fondos","tag-fundacion","tag-intervencion","tag-sena"],"_links":{"self":[{"href":"https:\/\/hdpnoticias.com.ar\/index.php?rest_route=\/wp\/v2\/posts\/2831","targetHints":{"allow":["GET"]}}],"collection":[{"href":"https:\/\/hdpnoticias.com.ar\/index.php?rest_route=\/wp\/v2\/posts"}],"about":[{"href":"https:\/\/hdpnoticias.com.ar\/index.php?rest_route=\/wp\/v2\/types\/post"}],"author":[{"embeddable":true,"href":"https:\/\/hdpnoticias.com.ar\/index.php?rest_route=\/wp\/v2\/users\/1"}],"replies":[{"embeddable":true,"href":"https:\/\/hdpnoticias.com.ar\/index.php?rest_route=%2Fwp%2Fv2%2Fcomments&post=2831"}],"version-history":[{"count":1,"href":"https:\/\/hdpnoticias.com.ar\/index.php?rest_route=\/wp\/v2\/posts\/2831\/revisions"}],"predecessor-version":[{"id":2833,"href":"https:\/\/hdpnoticias.com.ar\/index.php?rest_route=\/wp\/v2\/posts\/2831\/revisions\/2833"}],"wp:featuredmedia":[{"embeddable":true,"href":"https:\/\/hdpnoticias.com.ar\/index.php?rest_route=\/wp\/v2\/media\/2832"}],"wp:attachment":[{"href":"https:\/\/hdpnoticias.com.ar\/index.php?rest_route=%2Fwp%2Fv2%2Fmedia&parent=2831"}],"wp:term":[{"taxonomy":"category","embeddable":true,"href":"https:\/\/hdpnoticias.com.ar\/index.php?rest_route=%2Fwp%2Fv2%2Fcategories&post=2831"},{"taxonomy":"post_tag","embeddable":true,"href":"https:\/\/hdpnoticias.com.ar\/index.php?rest_route=%2Fwp%2Fv2%2Ftags&post=2831"}],"curies":[{"name":"wp","href":"https:\/\/api.w.org\/{rel}","templated":true}]}}