{"id":2807,"date":"2023-06-20T22:08:00","date_gmt":"2023-06-21T01:08:00","guid":{"rendered":"http:\/\/hdpnoticias.com.ar\/?p=2807"},"modified":"2023-06-21T06:17:25","modified_gmt":"2023-06-21T09:17:25","slug":"violencia-en-jujuy-por-la-reforma-constitucional-morales-acusa-al-kirchnerismo-y-viceversa","status":"publish","type":"post","link":"https:\/\/hdpnoticias.com.ar\/?p=2807","title":{"rendered":"Violencia en Jujuy por la reforma Constitucional: Morales acusa al kirchnerismo y viceversa"},"content":{"rendered":"\n<p>Una jornada violenta se vivi\u00f3 este martes en Jujuy tras la aprobaci\u00f3n de la reforma de la Constituci\u00f3n Provincial impulsada por el gobernador Gerardo Morales y avalada por el oficialismo y la oposici\u00f3n que, entre otros puntos, regula las protestas con piquetes.<\/p>\n\n\n\n<p>Los sectores que se opon\u00edan a la reforma protagonizaron desmanes de todo tipo frente a la Legislatura, descargando una lluvia de cascotazos y destruyendo e incendiando varios autom\u00f3viles.<\/p>\n\n\n\n<p>Finalmente los manifestantes ingresaron al edificio y destrozaron todo.<\/p>\n\n\n\n<p>La Polic\u00eda reprimi\u00f3 la protesta y hubo decenas de heridos y detenidos.<\/p>\n\n\n\n<p>Tras los hechos, el presidente de la Naci\u00f3n: Alberto Fern\u00e1ndez, la vicepresidente Cristina Fern\u00e1ndez, funcionarios del Gobierno nacional y dirigentes del oficialismo ahora denominado Uni\u00f3n por la Patria, repudiaron la represi\u00f3n policial apuntando directamente a Morales, precandidato presidencial de Juntos por el Cambio.<\/p>\n\n\n\n<p>La respuesta del gobernador y de los principales dirigentes de Juntos por el Cambio no se hizo esperar.<\/p>\n\n\n\n<p>La oposici\u00f3n acus\u00f3 al kirchnerismo de impulsar la revuelta y la consideraron una \u201ccortina de humo para tapar el horror en Chaco por el femicidio y desaparici\u00f3n de Cecilia Strzyzowski\u201d, que tiene como principales imputados a los dirigentes sociales Emerenciano Sena y Marcela Acu\u00f1a, y al hijo de ambos: C\u00e9sar Sena, precandidatos del Frente Chaqueo del gobernador Jorge Capitanich, m\u00e1s 4 colaboradores suyos, todos detenidos.<\/p>\n\n\n\n<p>En el mismo sentido les reprocharon a Alberto y Cristina el silencio que mantienen en torno al caso que estallara en todos los medios hace m\u00e1s de 2 semanas.<\/p>\n","protected":false},"excerpt":{"rendered":"<p>Una jornada violenta se vivi\u00f3 este martes en Jujuy tras la aprobaci\u00f3n de la reforma de la Constituci\u00f3n Provincial impulsada por el gobernador Gerardo Morales y avalada por el oficialismo y la oposici\u00f3n que, entre otros puntos, regula las protestas con piquetes. Los sectores que se opon\u00edan a la reforma protagonizaron desmanes de todo tipo [&hellip;]<\/p>\n","protected":false},"author":1,"featured_media":2808,"comment_status":"open","ping_status":"open","sticky":false,"template":"","format":"standard","meta":{"footnotes":""},"categories":[27],"tags":[68,29,1813,453,442,793,409,1052,1897,450,1497,1898],"class_list":["post-2807","post","type-post","status-publish","format-standard","has-post-thumbnail","hentry","category-politica","tag-alberto","tag-capitanich","tag-cecilia","tag-cristina","tag-desaparicion","tag-emerenciano","tag-femicidio","tag-frente-chaqueno","tag-imputados","tag-juntos-por-el-cambio","tag-morales","tag-union-por-la-patria"],"_links":{"self":[{"href":"https:\/\/hdpnoticias.com.ar\/index.php?rest_route=\/wp\/v2\/posts\/2807","targetHints":{"allow":["GET"]}}],"collection":[{"href":"https:\/\/hdpnoticias.com.ar\/index.php?rest_route=\/wp\/v2\/posts"}],"about":[{"href":"https:\/\/hdpnoticias.com.ar\/index.php?rest_route=\/wp\/v2\/types\/post"}],"author":[{"embeddable":true,"href":"https:\/\/hdpnoticias.com.ar\/index.php?rest_route=\/wp\/v2\/users\/1"}],"replies":[{"embeddable":true,"href":"https:\/\/hdpnoticias.com.ar\/index.php?rest_route=%2Fwp%2Fv2%2Fcomments&post=2807"}],"version-history":[{"count":1,"href":"https:\/\/hdpnoticias.com.ar\/index.php?rest_route=\/wp\/v2\/posts\/2807\/revisions"}],"predecessor-version":[{"id":2809,"href":"https:\/\/hdpnoticias.com.ar\/index.php?rest_route=\/wp\/v2\/posts\/2807\/revisions\/2809"}],"wp:featuredmedia":[{"embeddable":true,"href":"https:\/\/hdpnoticias.com.ar\/index.php?rest_route=\/wp\/v2\/media\/2808"}],"wp:attachment":[{"href":"https:\/\/hdpnoticias.com.ar\/index.php?rest_route=%2Fwp%2Fv2%2Fmedia&parent=2807"}],"wp:term":[{"taxonomy":"category","embeddable":true,"href":"https:\/\/hdpnoticias.com.ar\/index.php?rest_route=%2Fwp%2Fv2%2Fcategories&post=2807"},{"taxonomy":"post_tag","embeddable":true,"href":"https:\/\/hdpnoticias.com.ar\/index.php?rest_route=%2Fwp%2Fv2%2Ftags&post=2807"}],"curies":[{"name":"wp","href":"https:\/\/api.w.org\/{rel}","templated":true}]}}