{"id":2804,"date":"2023-06-20T21:40:52","date_gmt":"2023-06-21T00:40:52","guid":{"rendered":"http:\/\/hdpnoticias.com.ar\/?p=2804"},"modified":"2023-07-10T10:30:48","modified_gmt":"2023-07-10T13:30:48","slug":"video-pocas-pulgas-capitanich-hizo-callar-a-un-intendente-y-varias-funcionarias","status":"publish","type":"post","link":"https:\/\/hdpnoticias.com.ar\/?p=2804","title":{"rendered":"VIDEO | Pocas pulgas: Capitanich hizo callar a un intendente y varias funcionarias"},"content":{"rendered":"\n<p>El gobernador Jorge Capitanich encabez\u00f3 el acto por el D\u00eda de la Bandera en el aniversario de la muerte del general Manuel Belgrano.<\/p>\n\n\n\n<p>Su discurso, extenso, replic\u00f3 la biograf\u00eda de Belgrano que est\u00e1 en Wikipedia, y remat\u00f3 en el llamado a defender la soberan\u00eda contra las corporaciones, esto \u00faltimo con tono electoral, menos de 2 d\u00edas despu\u00e9s del traspi\u00e9 en las Paso en las que su Frente Chaque\u00f1o termin\u00f3 superado por el opositor Juntos por el Cambio.<\/p>\n\n\n\n<p>Al descender del palco fue abordado por la prensa y aunque los periodistas esperaban escuchar algo nuevo, \u00e9l repiti\u00f3 el discurso sobre la vida de Belgrano y volvi\u00f3 a plantear la defensa de la bandera frente a los sectores corporativos.<\/p>\n\n\n\n<p>Y en eso estaba cuando detr\u00e1s de \u00e9l el intendente Ram\u00f3n Alderete dialogaba afablemente con la ministra de Seguridad y Justicia: Gloria Zalazar, la secretaria de Municipios: Beatriz Bogado, y otras funcionarias locales.<\/p>\n\n\n\n<p>Pero la charla no le permit\u00eda concentrarse, por lo que gir\u00f3 y les pidi\u00f3 silencio.<\/p>\n\n\n\n<iframe loading=\"lazy\" src=\"https:\/\/www.facebook.com\/plugins\/video.php?height=324&#038;href=https%3A%2F%2Fwww.facebook.com%2Fhdpchaco%2Fvideos%2F262062963108845%2F&#038;show_text=false&#038;width=560&#038;t=0\" width=\"560\" height=\"324\" style=\"border:none;overflow:hidden\" scrolling=\"no\" frameborder=\"0\" allowfullscreen=\"true\" allow=\"autoplay; clipboard-write; encrypted-media; picture-in-picture; web-share\" allowFullScreen=\"true\"><\/iframe>\n","protected":false},"excerpt":{"rendered":"<p>El gobernador Jorge Capitanich encabez\u00f3 el acto por el D\u00eda de la Bandera en el aniversario de la muerte del general Manuel Belgrano. Su discurso, extenso, replic\u00f3 la biograf\u00eda de Belgrano que est\u00e1 en Wikipedia, y remat\u00f3 en el llamado a defender la soberan\u00eda contra las corporaciones, esto \u00faltimo con tono electoral, menos de 2 [&hellip;]<\/p>\n","protected":false},"author":1,"featured_media":2805,"comment_status":"open","ping_status":"open","sticky":false,"template":"","format":"standard","meta":{"footnotes":""},"categories":[1],"tags":[385,29,37,1896,1388,1052,450,249],"class_list":["post-2804","post","type-post","status-publish","format-standard","has-post-thumbnail","hentry","category-pescado-podrido","tag-belgrano","tag-capitanich","tag-chaco","tag-ciervo-petiso","tag-discurso","tag-frente-chaqueno","tag-juntos-por-el-cambio","tag-paso"],"_links":{"self":[{"href":"https:\/\/hdpnoticias.com.ar\/index.php?rest_route=\/wp\/v2\/posts\/2804","targetHints":{"allow":["GET"]}}],"collection":[{"href":"https:\/\/hdpnoticias.com.ar\/index.php?rest_route=\/wp\/v2\/posts"}],"about":[{"href":"https:\/\/hdpnoticias.com.ar\/index.php?rest_route=\/wp\/v2\/types\/post"}],"author":[{"embeddable":true,"href":"https:\/\/hdpnoticias.com.ar\/index.php?rest_route=\/wp\/v2\/users\/1"}],"replies":[{"embeddable":true,"href":"https:\/\/hdpnoticias.com.ar\/index.php?rest_route=%2Fwp%2Fv2%2Fcomments&post=2804"}],"version-history":[{"count":3,"href":"https:\/\/hdpnoticias.com.ar\/index.php?rest_route=\/wp\/v2\/posts\/2804\/revisions"}],"predecessor-version":[{"id":3131,"href":"https:\/\/hdpnoticias.com.ar\/index.php?rest_route=\/wp\/v2\/posts\/2804\/revisions\/3131"}],"wp:featuredmedia":[{"embeddable":true,"href":"https:\/\/hdpnoticias.com.ar\/index.php?rest_route=\/wp\/v2\/media\/2805"}],"wp:attachment":[{"href":"https:\/\/hdpnoticias.com.ar\/index.php?rest_route=%2Fwp%2Fv2%2Fmedia&parent=2804"}],"wp:term":[{"taxonomy":"category","embeddable":true,"href":"https:\/\/hdpnoticias.com.ar\/index.php?rest_route=%2Fwp%2Fv2%2Fcategories&post=2804"},{"taxonomy":"post_tag","embeddable":true,"href":"https:\/\/hdpnoticias.com.ar\/index.php?rest_route=%2Fwp%2Fv2%2Ftags&post=2804"}],"curies":[{"name":"wp","href":"https:\/\/api.w.org\/{rel}","templated":true}]}}