{"id":2796,"date":"2023-06-20T17:28:17","date_gmt":"2023-06-20T20:28:17","guid":{"rendered":"http:\/\/hdpnoticias.com.ar\/?p=2796"},"modified":"2023-06-20T17:57:41","modified_gmt":"2023-06-20T20:57:41","slug":"caso-cecilia-declaro-emerenciano-y-nego-cualquier-relacion-con-el-crimen","status":"publish","type":"post","link":"https:\/\/hdpnoticias.com.ar\/?p=2796","title":{"rendered":"Caso Cecilia: declar\u00f3 Emerenciano y neg\u00f3 cualquier relaci\u00f3n con el crimen"},"content":{"rendered":"\n<p>El dirigente social Emerenciano Sena, uno de los 7 detenidos por la desaparici\u00f3n y femicidio de Cecilia Strzyzowski, pidi\u00f3 la tarde de este martes declarar ante el equipo fiscal que investiga el caso.<\/p>\n\n\n\n<p>Fue trasladado a la sede judicial de la avenida 9 de Julio para el acto que dur\u00f3 apenas unos 10 minutos, del que particip\u00f3 su abogado Juan Carlos Saife, como indica el protocolo.<\/p>\n\n\n\n<p>Se supo que se limit\u00f3 a negar cualquier participaci\u00f3n en el hecho que se investiga: \u201cYo no fui. Ni siquiera estuve ah\u00ed\u201d, dijo, para deslindar su responsabilidad pero dando por sentado que el crimen ocurri\u00f3 y sabe d\u00f3nde.<\/p>\n\n\n\n<p>Saife, que tambi\u00e9n defiende a Marcela Acu\u00f1a, dijo que ella tambi\u00e9n solicit\u00f3 declarar. Y que en breve aportar\u00e1n testigos.<\/p>\n\n\n\n<p>Su declaraci\u00f3n se da horas despu\u00e9s de que su hijo: C\u00e9sar Sena, con quien compart\u00eda el lugar de detenci\u00f3n, y fuera trasladado a la Comisar\u00eda Sexta.<\/p>\n\n\n\n<p>Antes de su traslado, C\u00e9sar desisti\u00f3 de la defensa oficial y contrat\u00f3 como particular a Ricardo Ozuna. Apenas arribado a su nuevo destino, pidi\u00f3 \u201chablar personalmente con el fiscal\u201d y agreg\u00f3: \u201cQuiero que esto se termine\u201d.<\/p>\n\n\n\n<p>Los investigadores creen que Cecilia fue asesinada en la casa de la familia Sena en la calle Santa Mar\u00eda de Oro el 2 de junio. Ese d\u00eda ella lleg\u00f3 junto a C\u00e9sar a bordo de su camioneta a las 9:28. Marcela Acu\u00f1a hab\u00eda salido unos minutos antes y regres\u00f3 con Emerenciano pasado el mediod\u00eda. Cecilia nunca sali\u00f3.<\/p>\n","protected":false},"excerpt":{"rendered":"<p>El dirigente social Emerenciano Sena, uno de los 7 detenidos por la desaparici\u00f3n y femicidio de Cecilia Strzyzowski, pidi\u00f3 la tarde de este martes declarar ante el equipo fiscal que investiga el caso. Fue trasladado a la sede judicial de la avenida 9 de Julio para el acto que dur\u00f3 apenas unos 10 minutos, del [&hellip;]<\/p>\n","protected":false},"author":1,"featured_media":2797,"comment_status":"open","ping_status":"open","sticky":false,"template":"","format":"standard","meta":{"footnotes":""},"categories":[26],"tags":[1813,1812,442,793,409,1258,1895,1851,798],"class_list":["post-2796","post","type-post","status-publish","format-standard","has-post-thumbnail","hentry","category-policiales","tag-cecilia","tag-cesar","tag-desaparicion","tag-emerenciano","tag-femicidio","tag-fiscal","tag-ozuna","tag-saife","tag-sena"],"_links":{"self":[{"href":"https:\/\/hdpnoticias.com.ar\/index.php?rest_route=\/wp\/v2\/posts\/2796","targetHints":{"allow":["GET"]}}],"collection":[{"href":"https:\/\/hdpnoticias.com.ar\/index.php?rest_route=\/wp\/v2\/posts"}],"about":[{"href":"https:\/\/hdpnoticias.com.ar\/index.php?rest_route=\/wp\/v2\/types\/post"}],"author":[{"embeddable":true,"href":"https:\/\/hdpnoticias.com.ar\/index.php?rest_route=\/wp\/v2\/users\/1"}],"replies":[{"embeddable":true,"href":"https:\/\/hdpnoticias.com.ar\/index.php?rest_route=%2Fwp%2Fv2%2Fcomments&post=2796"}],"version-history":[{"count":2,"href":"https:\/\/hdpnoticias.com.ar\/index.php?rest_route=\/wp\/v2\/posts\/2796\/revisions"}],"predecessor-version":[{"id":2803,"href":"https:\/\/hdpnoticias.com.ar\/index.php?rest_route=\/wp\/v2\/posts\/2796\/revisions\/2803"}],"wp:featuredmedia":[{"embeddable":true,"href":"https:\/\/hdpnoticias.com.ar\/index.php?rest_route=\/wp\/v2\/media\/2797"}],"wp:attachment":[{"href":"https:\/\/hdpnoticias.com.ar\/index.php?rest_route=%2Fwp%2Fv2%2Fmedia&parent=2796"}],"wp:term":[{"taxonomy":"category","embeddable":true,"href":"https:\/\/hdpnoticias.com.ar\/index.php?rest_route=%2Fwp%2Fv2%2Fcategories&post=2796"},{"taxonomy":"post_tag","embeddable":true,"href":"https:\/\/hdpnoticias.com.ar\/index.php?rest_route=%2Fwp%2Fv2%2Ftags&post=2796"}],"curies":[{"name":"wp","href":"https:\/\/api.w.org\/{rel}","templated":true}]}}