{"id":2752,"date":"2023-06-18T19:46:30","date_gmt":"2023-06-18T22:46:30","guid":{"rendered":"http:\/\/hdpnoticias.com.ar\/?p=2752"},"modified":"2023-06-18T19:46:32","modified_gmt":"2023-06-18T22:46:32","slug":"fracaso-electoral-record-en-chaco-solo-voto-el-52-de-los-electores","status":"publish","type":"post","link":"https:\/\/hdpnoticias.com.ar\/?p=2752","title":{"rendered":"Fracaso electoral r\u00e9cord en Chaco: s\u00f3lo vot\u00f3 el 52% de los electores"},"content":{"rendered":"\n<p>Apenas el 52% de los electores habilitados para votar en las primarias abiertas, simult\u00e1neas y obligatorias provinciales de este domingo acudieron a las urnas en Chaco. As\u00ed lo informaron las autoridades del Tribunal Electoral a poco de la clausura de los comicios.<\/p>\n\n\n\n<p>Se defin\u00edan candidaturas a gobernador y vicegobernador, diputados provinciales, intendentes y concejales.<\/p>\n\n\n\n<p>La escasa participaci\u00f3n del electorado es r\u00e9cord, superando el exiguo 55 por ciento registrado en 2017 que abri\u00f3 el debate sobre la relevancia de esta elecci\u00f3n preliminar y dividi\u00f3 las aguas entre quienes quer\u00edan eliminarlas y los que propon\u00edan encontrar la manera de entusiasmar al electorado.<\/p>\n\n\n\n<p>En esta oportunidad se suma el des\u00e1nimo social por la crisis dominada por la inflaci\u00f3n, m\u00e1s el impacto de la resonante desaparici\u00f3n y femicidio de Cecilia Strzyzowski que oblig\u00f3 al Frente Chaque\u00f1o a pedir al Tribunal Electoral la eliminaci\u00f3n de 4 de sus precandidatos presos por el caso: Emerenciano Sena, Marcela Acu\u00f1a, Gustavo Alarc\u00f3n y Fabiana Gonz\u00e1lez.<\/p>\n","protected":false},"excerpt":{"rendered":"<p>Apenas el 52% de los electores habilitados para votar en las primarias abiertas, simult\u00e1neas y obligatorias provinciales de este domingo acudieron a las urnas en Chaco. As\u00ed lo informaron las autoridades del Tribunal Electoral a poco de la clausura de los comicios. Se defin\u00edan candidaturas a gobernador y vicegobernador, diputados provinciales, intendentes y concejales. La [&hellip;]<\/p>\n","protected":false},"author":1,"featured_media":2753,"comment_status":"open","ping_status":"open","sticky":false,"template":"","format":"standard","meta":{"footnotes":""},"categories":[27],"tags":[37,246,249,245],"class_list":["post-2752","post","type-post","status-publish","format-standard","has-post-thumbnail","hentry","category-politica","tag-chaco","tag-elecciones","tag-paso","tag-primarias"],"_links":{"self":[{"href":"https:\/\/hdpnoticias.com.ar\/index.php?rest_route=\/wp\/v2\/posts\/2752","targetHints":{"allow":["GET"]}}],"collection":[{"href":"https:\/\/hdpnoticias.com.ar\/index.php?rest_route=\/wp\/v2\/posts"}],"about":[{"href":"https:\/\/hdpnoticias.com.ar\/index.php?rest_route=\/wp\/v2\/types\/post"}],"author":[{"embeddable":true,"href":"https:\/\/hdpnoticias.com.ar\/index.php?rest_route=\/wp\/v2\/users\/1"}],"replies":[{"embeddable":true,"href":"https:\/\/hdpnoticias.com.ar\/index.php?rest_route=%2Fwp%2Fv2%2Fcomments&post=2752"}],"version-history":[{"count":1,"href":"https:\/\/hdpnoticias.com.ar\/index.php?rest_route=\/wp\/v2\/posts\/2752\/revisions"}],"predecessor-version":[{"id":2754,"href":"https:\/\/hdpnoticias.com.ar\/index.php?rest_route=\/wp\/v2\/posts\/2752\/revisions\/2754"}],"wp:featuredmedia":[{"embeddable":true,"href":"https:\/\/hdpnoticias.com.ar\/index.php?rest_route=\/wp\/v2\/media\/2753"}],"wp:attachment":[{"href":"https:\/\/hdpnoticias.com.ar\/index.php?rest_route=%2Fwp%2Fv2%2Fmedia&parent=2752"}],"wp:term":[{"taxonomy":"category","embeddable":true,"href":"https:\/\/hdpnoticias.com.ar\/index.php?rest_route=%2Fwp%2Fv2%2Fcategories&post=2752"},{"taxonomy":"post_tag","embeddable":true,"href":"https:\/\/hdpnoticias.com.ar\/index.php?rest_route=%2Fwp%2Fv2%2Ftags&post=2752"}],"curies":[{"name":"wp","href":"https:\/\/api.w.org\/{rel}","templated":true}]}}