{"id":2748,"date":"2023-06-18T11:27:26","date_gmt":"2023-06-18T14:27:26","guid":{"rendered":"http:\/\/hdpnoticias.com.ar\/?p=2748"},"modified":"2023-06-18T11:29:37","modified_gmt":"2023-06-18T14:29:37","slug":"coqui-y-eme-unidos-por-el-corazon-y-el-sueter","status":"publish","type":"post","link":"https:\/\/hdpnoticias.com.ar\/?p=2748","title":{"rendered":"Coqui y Eme unidos por el \u201ccoraz\u00f3n\u201d y el su\u00e9ter"},"content":{"rendered":"\n<p>El coraz\u00f3n rojo del Frente Chaque\u00f1o une al gobernador Jorge Capitanich y al dirigente piquetero Emerenciano Sena, aunque \u00e9ste haya sido vetado a \u00faltima hora como precandidato a diputado provincial tras ser detenido por la desaparici\u00f3n y femicidio de su nuera Cecilia Strzysowski.<\/p>\n\n\n\n<p>Este domingo el Gobernador hizo su mayor esfuerzo por despegarse de Emerenciano y el resto de los detenidos, todos vinculados al Movimiento Socialista Emerenciano: su esposa y tambi\u00e9n dirigente social Marcela Acu\u00f1a, el hijo de ambos y pareja de Cecilia: C\u00e9sar Sena, una pareja de colaboradores de la familia: Fabiana Gonz\u00e1lez y Gustavo Obreg\u00f3n, y los cuidadores de su chancher\u00eda: Gustavo Melgarejo y Griselda Reinoso.<\/p>\n\n\n\n<p>Fue a votar con un estridente su\u00e9ter rojo. El objetivo era que el bermell\u00f3n de la prenda contraste como un coraz\u00f3n sobre el fondo azul montado para la conferencia de prensa despu\u00e9s de votar.<\/p>\n\n\n\n<p>El outfit parece inoportuno cuando todo el mundo habla de la \u201csangre\u201d que salpica al gobierno por el caso Cecilia, y, fundamentalmente, porque es el color identitario del l\u00edder piquetero y su movimiento, del que el Gobernador intenta desesperadamente diferenciarse.<\/p>\n\n\n\n<p>Todo indica que el asesor de vestuario tendr\u00e1 que dar explicaciones.<\/p>\n","protected":false},"excerpt":{"rendered":"<p>El coraz\u00f3n rojo del Frente Chaque\u00f1o une al gobernador Jorge Capitanich y al dirigente piquetero Emerenciano Sena, aunque \u00e9ste haya sido vetado a \u00faltima hora como precandidato a diputado provincial tras ser detenido por la desaparici\u00f3n y femicidio de su nuera Cecilia Strzysowski. Este domingo el Gobernador hizo su mayor esfuerzo por despegarse de Emerenciano [&hellip;]<\/p>\n","protected":false},"author":1,"featured_media":2749,"comment_status":"open","ping_status":"open","sticky":false,"template":"","format":"standard","meta":{"footnotes":""},"categories":[1],"tags":[29,1813,37,1875,793,409,1052,798,1876],"class_list":["post-2748","post","type-post","status-publish","format-standard","has-post-thumbnail","hentry","category-pescado-podrido","tag-capitanich","tag-cecilia","tag-chaco","tag-coqui","tag-emerenciano","tag-femicidio","tag-frente-chaqueno","tag-sena","tag-sueter"],"_links":{"self":[{"href":"https:\/\/hdpnoticias.com.ar\/index.php?rest_route=\/wp\/v2\/posts\/2748","targetHints":{"allow":["GET"]}}],"collection":[{"href":"https:\/\/hdpnoticias.com.ar\/index.php?rest_route=\/wp\/v2\/posts"}],"about":[{"href":"https:\/\/hdpnoticias.com.ar\/index.php?rest_route=\/wp\/v2\/types\/post"}],"author":[{"embeddable":true,"href":"https:\/\/hdpnoticias.com.ar\/index.php?rest_route=\/wp\/v2\/users\/1"}],"replies":[{"embeddable":true,"href":"https:\/\/hdpnoticias.com.ar\/index.php?rest_route=%2Fwp%2Fv2%2Fcomments&post=2748"}],"version-history":[{"count":2,"href":"https:\/\/hdpnoticias.com.ar\/index.php?rest_route=\/wp\/v2\/posts\/2748\/revisions"}],"predecessor-version":[{"id":2751,"href":"https:\/\/hdpnoticias.com.ar\/index.php?rest_route=\/wp\/v2\/posts\/2748\/revisions\/2751"}],"wp:featuredmedia":[{"embeddable":true,"href":"https:\/\/hdpnoticias.com.ar\/index.php?rest_route=\/wp\/v2\/media\/2749"}],"wp:attachment":[{"href":"https:\/\/hdpnoticias.com.ar\/index.php?rest_route=%2Fwp%2Fv2%2Fmedia&parent=2748"}],"wp:term":[{"taxonomy":"category","embeddable":true,"href":"https:\/\/hdpnoticias.com.ar\/index.php?rest_route=%2Fwp%2Fv2%2Fcategories&post=2748"},{"taxonomy":"post_tag","embeddable":true,"href":"https:\/\/hdpnoticias.com.ar\/index.php?rest_route=%2Fwp%2Fv2%2Ftags&post=2748"}],"curies":[{"name":"wp","href":"https:\/\/api.w.org\/{rel}","templated":true}]}}