{"id":2746,"date":"2023-06-18T10:26:12","date_gmt":"2023-06-18T13:26:12","guid":{"rendered":"http:\/\/hdpnoticias.com.ar\/?p=2746"},"modified":"2023-06-27T07:01:11","modified_gmt":"2023-06-27T10:01:11","slug":"la-culpa-no-es-del-chancho","status":"publish","type":"post","link":"https:\/\/hdpnoticias.com.ar\/?p=2746","title":{"rendered":"La culpa no es del chancho"},"content":{"rendered":"\n<p>Por Dar\u00edo Zarco |<\/p>\n\n\n\n<p>\u201cNi en pedo. A m\u00ed no me agarran m\u00e1s. El 10 de diciembre termino mi mandado y no me ven m\u00e1s el pelo en el Chaco\u201d, me respondi\u00f3 Jorge Capitanich en el arranque de 2007 cuando le pregunt\u00e9 si ser\u00eda candidato a gobernador por tercera vez.<\/p>\n\n\n\n<p>En ese momento una encuesta lo consideraba el \u00fanico peronista que med\u00eda algo: 12 puntos; Peppo y Leiva ven\u00eda atr\u00e1s con 7 y 5. Y su delf\u00edn: cero.<\/p>\n\n\n\n<p>Terminaba el tercer gobierno radical. Una protesta social de amplio espectro ocupaba todo el ancho de la calle y las pancartas de un lado ped\u00edan comida, y del otro \u201cjusticia independiente\u201d.<\/p>\n\n\n\n<p>El clima fue un germinador propicio para el antirozismo, una empresa que termin\u00f3 finalmente en manos de la oposici\u00f3n.<\/p>\n\n\n\n<p>Capitanich se entusiasm\u00f3 pero no se ten\u00eda fe y no lo disimul\u00f3: fue como candidato a gobernador y senador en la misma boleta.<\/p>\n\n\n\n<p>Gan\u00f3 por algo m\u00e1s de mil votos. Autom\u00e1ticamente el abanico de acreedores de esos votos se abri\u00f3 de par en par. Desde el PRO-Recrear, radicales K, exaliados del radicalismo y dirigentes desahuciados por el rozismo, pasando por el peronismo y partidos chicos de la transversalidad kirchnerista, hasta los movimientos piqueteros, reclamaron sendos cr\u00e9ditos.<\/p>\n\n\n\n<p>La oposici\u00f3n se hab\u00eda vuelto oficialismo de la noche a la ma\u00f1ana y se supon\u00eda que el nuevo gobierno nos deparaba lo mejor. Pero la protesta social nunca amaneci\u00f3.<\/p>\n\n\n\n<p>La calle sembrada y abonada de bronca contra el gobierno se convirti\u00f3 en un campo minado que Capitanich no desactiv\u00f3, porque no supo, no pudo, no era oportuno o no le conven\u00eda. Y los piquetes apuntados a Rozas terminaron apunt\u00e1ndole a \u00e9l.<\/p>\n\n\n\n<p>Asumi\u00f3 y tras cart\u00f3n debut\u00f3 como gobernador subido a un banco de la plaza prometiendo chapas y mercader\u00eda a un grupo de piqueteros.<\/p>\n\n\n\n<p>Entonces eran s\u00f3lo un pu\u00f1ado de movimientos y dirigentes que comenzaron a recibir las chapas dobladas con forma de Toyota Hilux, llave en mano, como aquella vez que debi\u00f3 dejar la camioneta de la Gobernaci\u00f3n en un piquete en la ruta 16 y seguir a pie, una de las an\u00e9cdotas preferidas del exvicegobernador Juan Carlos Bacileff Ivanoff.<\/p>\n\n\n\n<p>Un par de semanas atr\u00e1s, Capitanich dijo que s\u00f3lo en Resistencia hay 600 movimientos, asociaciones, fundaciones, ONG, cooperativas, entre otros eufemismos para esquivar decir piqueteros. Y para arrancar la campa\u00f1a, firm\u00f3 convenio con 120, prometiendo dinero, terrenos, herramientas y camiones, pensando en el horizonte inmediato de las Paso de este domingo.<\/p>\n\n\n\n<p>Pero lo que se da ya no alcanza para todos. 480 convenios quedaron en el tintero para las generales y una eventual segunda vuelta.<\/p>\n\n\n\n<p>Hoy fue a votar indignado por la indignaci\u00f3n de la gente por la desaparici\u00f3n y femicidio de Cecilia Strzyzowski por el que est\u00e1 preso su piquetero insignia: Emerenciano Sena, la mujer de \u00e9ste: Marcela Acu\u00f1a, y el hijo de ambos: C\u00e9sar Sena, m\u00e1s su pareja de edecanes: Fabiana Gonz\u00e1lez y Gustavo Obreg\u00f3n, y la pareja de puesteros de una de sus chancher\u00edas: Gustavo Melgarejo y Griselda Reinoso.<\/p>\n\n\n\n<p>Mientras los peritos se entierran hasta el cogote en el chiquero buscando los restos de Cecilia, \u00e9l intenta insistente pero infructuosamente lavarse las manos.<\/p>\n\n\n\n<p>Pero como bien criado en el campo sabe que \u201cchancho limpio nunca engorda\u201d, por eso s\u00f3lo este a\u00f1o su gesti\u00f3n transfiri\u00f3 a la Fundaci\u00f3n de Sena y Acu\u00f1a 141 millones de pesos a trav\u00e9s de convenios varios tendientes a consolidar una de sus usinas electorales: el Movimiento Emerenciano.<\/p>\n\n\n\n<p>Y \u00e9l mismo cont\u00f3 hoy que Emerenciano \u201cno es el \u00fanico, porque todas las organizaciones reciben el mismo apoyo del Gobierno\u201d, y llam\u00f3 \u201cpol\u00edtica de Estado para combatir la pobreza\u201d al financiamiento de estas organizaciones a las que agradeci\u00f3 la generaci\u00f3n de empleo e inclusi\u00f3n social.<\/p>\n\n\n\n<p>Seg\u00fan sus c\u00e1lculos, hay 5 mil movimientos en toda la provincia. Entonces, aritm\u00e9ticamente: 5.000 x 141.000.000 = 705.000.000.000 en 5 meses. Si hubiera repartido ese dinero casa por casa, le hubiera correspondido 1.122.432 pesos a cada uno de los 628.100 chaque\u00f1os pobres, s\u00f3lo en los \u00faltimos 5 meses.<\/p>\n\n\n\n<p>Cuando Capitanich asumi\u00f3 su primer mandato la pobreza en Chaco medida por el Indec hab\u00eda cruzado el 40%. Ahora, a meses de terminar el tercero, supera el 55.<\/p>\n\n\n\n<p>Evidentemente, la puerta de salida de la pobreza est\u00e1 del otro lado.<\/p>\n\n\n\n<p>Se dice: La culpa no es del chancho, sino de quien le da de comer.<\/p>\n","protected":false},"excerpt":{"rendered":"<p>Por Dar\u00edo Zarco | \u201cNi en pedo. A m\u00ed no me agarran m\u00e1s. El 10 de diciembre termino mi mandado y no me ven m\u00e1s el pelo en el Chaco\u201d, me respondi\u00f3 Jorge Capitanich en el arranque de 2007 cuando le pregunt\u00e9 si ser\u00eda candidato a gobernador por tercera vez. En ese momento una encuesta [&hellip;]<\/p>\n","protected":false},"author":1,"featured_media":2579,"comment_status":"open","ping_status":"open","sticky":false,"template":"","format":"standard","meta":{"footnotes":""},"categories":[2],"tags":[29,1813,1825,1874,793,409,265,694,245,798],"class_list":["post-2746","post","type-post","status-publish","format-standard","has-post-thumbnail","hentry","category-editorial","tag-capitanich","tag-cecilia","tag-chancheria","tag-chancho","tag-emerenciano","tag-femicidio","tag-piqueteros","tag-pobreza","tag-primarias","tag-sena"],"_links":{"self":[{"href":"https:\/\/hdpnoticias.com.ar\/index.php?rest_route=\/wp\/v2\/posts\/2746","targetHints":{"allow":["GET"]}}],"collection":[{"href":"https:\/\/hdpnoticias.com.ar\/index.php?rest_route=\/wp\/v2\/posts"}],"about":[{"href":"https:\/\/hdpnoticias.com.ar\/index.php?rest_route=\/wp\/v2\/types\/post"}],"author":[{"embeddable":true,"href":"https:\/\/hdpnoticias.com.ar\/index.php?rest_route=\/wp\/v2\/users\/1"}],"replies":[{"embeddable":true,"href":"https:\/\/hdpnoticias.com.ar\/index.php?rest_route=%2Fwp%2Fv2%2Fcomments&post=2746"}],"version-history":[{"count":1,"href":"https:\/\/hdpnoticias.com.ar\/index.php?rest_route=\/wp\/v2\/posts\/2746\/revisions"}],"predecessor-version":[{"id":2747,"href":"https:\/\/hdpnoticias.com.ar\/index.php?rest_route=\/wp\/v2\/posts\/2746\/revisions\/2747"}],"wp:featuredmedia":[{"embeddable":true,"href":"https:\/\/hdpnoticias.com.ar\/index.php?rest_route=\/wp\/v2\/media\/2579"}],"wp:attachment":[{"href":"https:\/\/hdpnoticias.com.ar\/index.php?rest_route=%2Fwp%2Fv2%2Fmedia&parent=2746"}],"wp:term":[{"taxonomy":"category","embeddable":true,"href":"https:\/\/hdpnoticias.com.ar\/index.php?rest_route=%2Fwp%2Fv2%2Fcategories&post=2746"},{"taxonomy":"post_tag","embeddable":true,"href":"https:\/\/hdpnoticias.com.ar\/index.php?rest_route=%2Fwp%2Fv2%2Ftags&post=2746"}],"curies":[{"name":"wp","href":"https:\/\/api.w.org\/{rel}","templated":true}]}}