{"id":2743,"date":"2023-06-18T08:57:45","date_gmt":"2023-06-18T11:57:45","guid":{"rendered":"http:\/\/hdpnoticias.com.ar\/?p=2743"},"modified":"2023-06-18T08:57:48","modified_gmt":"2023-06-18T11:57:48","slug":"capitanich-insiste-en-despegarse-de-emerenciano-y-el-femicidio-de-cecilia","status":"publish","type":"post","link":"https:\/\/hdpnoticias.com.ar\/?p=2743","title":{"rendered":"Capitanich insiste en despegarse de Emerenciano y el femicidio de Cecilia"},"content":{"rendered":"\n<p>+\u201cNo tengo la m\u00e1s m\u00ednima intenci\u00f3n de opinar sobre algo que no tenga que ver con las elecciones\u201d, dijo el gobernador Jorge Capitanich, tras emitir su voto este domingo, tratando de evitar las preguntas de la prensa sobre la desaparici\u00f3n y femicidio de Cecilia Strzyzowski, causa por la que est\u00e1n detenidos los dirigentes sociales Emerenciano Sena y Marcela Acu\u00f1a, y sus colaboradores Gustavo Obreg\u00f3n y Fabiana Gonz\u00e1lez, todos precandidatos del Frente Chaque\u00f1o que \u00e9l encabeza; m\u00e1s C\u00e9sar Sena, pareja de Cecilia, y una pareja de empleados de la familia: Gustavo Melgarejo y Griselda Reinoso.<\/p>\n\n\n\n<p>Para Capitanich, el femicidio de Cecilia que conmueve al pa\u00eds por la lista de imputados encabezada por los l\u00edderes del Movimiento Emerenciano, aliados pol\u00edticos y electorales suyos, \u201ces un hecho policial deleznable, repudiable, que nada tiene que ver con la cuesti\u00f3n pol\u00edtica\u201d.<\/p>\n\n\n\n<p>En el mismo sentido, acus\u00f3 a la prensa de \u201cintentar confundir a la opini\u00f3n p\u00fablica\u201d.<\/p>\n\n\n\n<p>\u201cUn hecho policial no debe convertirse en un hecho pol\u00edtico para acarrear agua para un molino determinado\u201d, insisti\u00f3 mirando tambi\u00e9n a la oposici\u00f3n.<\/p>\n\n\n\n<p>Y record\u00f3 que \u201cen 2019 ellos no formaban parte de nuestro Frente\u201d, recordando la \u00fanica vez que no comparti\u00f3 la lista con los detenidos.<\/p>\n\n\n\n<p>Tambi\u00e9n neg\u00f3 tener una relaci\u00f3n personal con Emerenciano Sena y su esposa, a pesar de ser el padrino de bodas. Seg\u00fan dijo, es padrino de muchas parejas que se lo piden y a lo que \u00e9l accede muy amablemente.<\/p>\n","protected":false},"excerpt":{"rendered":"<p>+\u201cNo tengo la m\u00e1s m\u00ednima intenci\u00f3n de opinar sobre algo que no tenga que ver con las elecciones\u201d, dijo el gobernador Jorge Capitanich, tras emitir su voto este domingo, tratando de evitar las preguntas de la prensa sobre la desaparici\u00f3n y femicidio de Cecilia Strzyzowski, causa por la que est\u00e1n detenidos los dirigentes sociales Emerenciano [&hellip;]<\/p>\n","protected":false},"author":1,"featured_media":2744,"comment_status":"open","ping_status":"open","sticky":false,"template":"","format":"standard","meta":{"footnotes":""},"categories":[27],"tags":[805,29,1813,37,793,409,265,245,798],"class_list":["post-2743","post","type-post","status-publish","format-standard","has-post-thumbnail","hentry","category-politica","tag-acuna","tag-capitanich","tag-cecilia","tag-chaco","tag-emerenciano","tag-femicidio","tag-piqueteros","tag-primarias","tag-sena"],"_links":{"self":[{"href":"https:\/\/hdpnoticias.com.ar\/index.php?rest_route=\/wp\/v2\/posts\/2743","targetHints":{"allow":["GET"]}}],"collection":[{"href":"https:\/\/hdpnoticias.com.ar\/index.php?rest_route=\/wp\/v2\/posts"}],"about":[{"href":"https:\/\/hdpnoticias.com.ar\/index.php?rest_route=\/wp\/v2\/types\/post"}],"author":[{"embeddable":true,"href":"https:\/\/hdpnoticias.com.ar\/index.php?rest_route=\/wp\/v2\/users\/1"}],"replies":[{"embeddable":true,"href":"https:\/\/hdpnoticias.com.ar\/index.php?rest_route=%2Fwp%2Fv2%2Fcomments&post=2743"}],"version-history":[{"count":1,"href":"https:\/\/hdpnoticias.com.ar\/index.php?rest_route=\/wp\/v2\/posts\/2743\/revisions"}],"predecessor-version":[{"id":2745,"href":"https:\/\/hdpnoticias.com.ar\/index.php?rest_route=\/wp\/v2\/posts\/2743\/revisions\/2745"}],"wp:featuredmedia":[{"embeddable":true,"href":"https:\/\/hdpnoticias.com.ar\/index.php?rest_route=\/wp\/v2\/media\/2744"}],"wp:attachment":[{"href":"https:\/\/hdpnoticias.com.ar\/index.php?rest_route=%2Fwp%2Fv2%2Fmedia&parent=2743"}],"wp:term":[{"taxonomy":"category","embeddable":true,"href":"https:\/\/hdpnoticias.com.ar\/index.php?rest_route=%2Fwp%2Fv2%2Fcategories&post=2743"},{"taxonomy":"post_tag","embeddable":true,"href":"https:\/\/hdpnoticias.com.ar\/index.php?rest_route=%2Fwp%2Fv2%2Ftags&post=2743"}],"curies":[{"name":"wp","href":"https:\/\/api.w.org\/{rel}","templated":true}]}}