{"id":2718,"date":"2023-06-16T10:42:15","date_gmt":"2023-06-16T13:42:15","guid":{"rendered":"http:\/\/hdpnoticias.com.ar\/?p=2718"},"modified":"2023-07-10T10:40:11","modified_gmt":"2023-07-10T13:40:11","slug":"video-capitanich-y-un-lapsus-sobre-el-caso-cecilia-es-un-hecho-aberrante-con-respaldo-de-la-provincia","status":"publish","type":"post","link":"https:\/\/hdpnoticias.com.ar\/?p=2718","title":{"rendered":"VIDEO | Capitanich y un lapsus sobre el caso Cecilia: Es un hecho aberrante con respaldo de la Provincia"},"content":{"rendered":"\n<p>El Frente Chaque\u00f1o se dividi\u00f3 este jueves entre quienes cre\u00edan la conveniencia de suspender los actos de cierre de campa\u00f1a, como el resto de las alianzas, y quienes quer\u00edan seguir adelante.<\/p>\n\n\n\n<p>Entre estos \u00faltimos estaba el gobernador Jorge Capitanich, que fue el \u00fanico orador del \u00faltimo acto del Frente Chaque\u00f1o en Barranqueras, hacia las primarias abiertas, simult\u00e1neas y obligatorias del pr\u00f3ximo domingo.<\/p>\n\n\n\n<p>El Gobernador dedic\u00f3 el primera tramo de su discurso a \u201cinformar\u201d sobre el femicidio de Cecilia Strzysowski, por el que est\u00e1n detenido C\u00e9sar Sena, hijo de los dirigentes sociales Emerenciano Sena y Marcela Acu\u00f1a, una pareja de colaboradores de la familia: Fabiana Gonz\u00e1lez y Gustavo Obreg\u00f3n, los 4 precandidatos del Frente Chaque\u00f1o, y otra pareja de empleados: Gustavo Melgarejo y Griselda Reinoso.<\/p>\n\n\n\n<p>En otro intento por despegarse de Emerenciano y Marcela, con quien los une una estrecha relaci\u00f3n, atribuy\u00f3 a una campa\u00f1a difamatoria de los \u201codiadores\u201d la difusi\u00f3n de fotograf\u00edas como la del casamiento de la pareja en el que \u00e9l ofici\u00f3 de padrino.<\/p>\n\n\n\n<p>Y defendi\u00f3 enf\u00e1ticamente la \u201cinclusi\u00f3n social\u201d, como llam\u00f3 a los desembolsos de fondos p\u00fablicos a las organizaciones sociales, aunque sin se\u00f1alar su preferencia por el Movimiento Socialista Emerenciano.<\/p>\n\n\n\n<p>\u201cQuiero expresar mi m\u00e1s profundo dolor y mi m\u00e1s profunda solidaridad con la familia afectada, su madre, sus hermanas\u201d, dijo sin mencionar a Cecilia, ni a sus aliados involucrados en el hecho<\/p>\n\n\n\n<p>Pero lo m\u00e1s llamativo de su alocuci\u00f3n, en la que en varias oportunidades se mostr\u00f3 conmovido, casi al borde del llanto, fue un terrible lapsus en el que se contradijo rotundamente.<\/p>\n\n\n\n<p>\u201cEs un hecho aberrante que nos conmueve en nuestras fibras \u00edntimas, pero se trata de un hecho que cuenta con todo el respaldo institucional de la Provincia del Chaco\u201d, enfatiz\u00f3, avalando subconscientemente el reproche de quienes creen que esto no hubiera ocurrido si su gobierno no alimentaba el poder que ostenta la familia Sena.<\/p>\n\n\n\n<p>Y despu\u00e9s, aunque la investigaci\u00f3n a\u00fan no lo pudo demostrar, asever\u00f3 que \u201ceste hecho ocurri\u00f3 el 2 de junio\u201d, aunque intent\u00f3 enmendar su expresi\u00f3n interponiendo: \u201csupuestamente\u201d.<\/p>\n\n\n\n<iframe loading=\"lazy\" src=\"https:\/\/www.facebook.com\/plugins\/video.php?height=314&#038;href=https%3A%2F%2Fwww.facebook.com%2Fhdpchaco%2Fvideos%2F155297864212839%2F&#038;show_text=false&#038;width=560&#038;t=0\" width=\"560\" height=\"314\" style=\"border:none;overflow:hidden\" scrolling=\"no\" frameborder=\"0\" allowfullscreen=\"true\" allow=\"autoplay; clipboard-write; encrypted-media; picture-in-picture; web-share\" allowFullScreen=\"true\"><\/iframe>\n","protected":false},"excerpt":{"rendered":"<p>El Frente Chaque\u00f1o se dividi\u00f3 este jueves entre quienes cre\u00edan la conveniencia de suspender los actos de cierre de campa\u00f1a, como el resto de las alianzas, y quienes quer\u00edan seguir adelante. Entre estos \u00faltimos estaba el gobernador Jorge Capitanich, que fue el \u00fanico orador del \u00faltimo acto del Frente Chaque\u00f1o en Barranqueras, hacia las primarias [&hellip;]<\/p>\n","protected":false},"author":1,"featured_media":2719,"comment_status":"open","ping_status":"open","sticky":false,"template":"","format":"standard","meta":{"footnotes":""},"categories":[27],"tags":[29,1813,358,793,409,1052,36,1866,265,245,798],"class_list":["post-2718","post","type-post","status-publish","format-standard","has-post-thumbnail","hentry","category-politica","tag-capitanich","tag-cecilia","tag-desaparecida","tag-emerenciano","tag-femicidio","tag-frente-chaqueno","tag-gobierno","tag-lapsus","tag-piqueteros","tag-primarias","tag-sena"],"_links":{"self":[{"href":"https:\/\/hdpnoticias.com.ar\/index.php?rest_route=\/wp\/v2\/posts\/2718","targetHints":{"allow":["GET"]}}],"collection":[{"href":"https:\/\/hdpnoticias.com.ar\/index.php?rest_route=\/wp\/v2\/posts"}],"about":[{"href":"https:\/\/hdpnoticias.com.ar\/index.php?rest_route=\/wp\/v2\/types\/post"}],"author":[{"embeddable":true,"href":"https:\/\/hdpnoticias.com.ar\/index.php?rest_route=\/wp\/v2\/users\/1"}],"replies":[{"embeddable":true,"href":"https:\/\/hdpnoticias.com.ar\/index.php?rest_route=%2Fwp%2Fv2%2Fcomments&post=2718"}],"version-history":[{"count":3,"href":"https:\/\/hdpnoticias.com.ar\/index.php?rest_route=\/wp\/v2\/posts\/2718\/revisions"}],"predecessor-version":[{"id":3140,"href":"https:\/\/hdpnoticias.com.ar\/index.php?rest_route=\/wp\/v2\/posts\/2718\/revisions\/3140"}],"wp:featuredmedia":[{"embeddable":true,"href":"https:\/\/hdpnoticias.com.ar\/index.php?rest_route=\/wp\/v2\/media\/2719"}],"wp:attachment":[{"href":"https:\/\/hdpnoticias.com.ar\/index.php?rest_route=%2Fwp%2Fv2%2Fmedia&parent=2718"}],"wp:term":[{"taxonomy":"category","embeddable":true,"href":"https:\/\/hdpnoticias.com.ar\/index.php?rest_route=%2Fwp%2Fv2%2Fcategories&post=2718"},{"taxonomy":"post_tag","embeddable":true,"href":"https:\/\/hdpnoticias.com.ar\/index.php?rest_route=%2Fwp%2Fv2%2Ftags&post=2718"}],"curies":[{"name":"wp","href":"https:\/\/api.w.org\/{rel}","templated":true}]}}