{"id":2707,"date":"2023-06-15T20:18:13","date_gmt":"2023-06-15T23:18:13","guid":{"rendered":"http:\/\/hdpnoticias.com.ar\/?p=2707"},"modified":"2023-06-15T20:18:16","modified_gmt":"2023-06-15T23:18:16","slug":"secreto-en-el-frente-chaqueno-hay-emerenciano-para-rato","status":"publish","type":"post","link":"https:\/\/hdpnoticias.com.ar\/?p=2707","title":{"rendered":"Secreto en el Frente Chaque\u00f1o: hay Emerenciano para rato"},"content":{"rendered":"\n<p>Por Dar\u00edo Zarco |<\/p>\n\n\n\n<p>La desaparici\u00f3n de Cecilia Strzyzowski lo agarr\u00f3 fr\u00edo al gobernador Jorge Capitanich. Hubiera sido una noticia m\u00e1s hasta el lunes si no explotaba en los medios y en las redes como explot\u00f3. Y la r\u00e1pida incriminaci\u00f3n de C\u00e9sar Sena y sus padres los dirigentes sociales Emerenciano Sena y Marcela Acu\u00f1a, fue pr\u00e1cticamente un bobazo.<\/p>\n\n\n\n<p>Como testigo de casamiento, Emerenciano y Marcela son entra\u00f1ables aliados suyos, pero adem\u00e1s \u00e9l es cabeza de lista de precandidatos a diputados y ella a intendente de Resistencia en la colectora PSU (Partido Socialistas Unidos por el Chaco) en el coquista Frente Chaque\u00f1o que busca su cuarta gobernaci\u00f3n.<\/p>\n\n\n\n<p>Obligado por la urgencia electoral Capitanich blandi\u00f3 el \u00faltimo s\u00e1bado la doble vara: pas\u00f3 de pedir la candidatura \u00fanica y excluyente a presidente de la Naci\u00f3n de Cristina Fern\u00e1ndez, condenada por corrupci\u00f3n e inhabilitada para desempe\u00f1ar cargos p\u00fablicos, a proscribir a Emerenciano y Marcela que reci\u00e9n hab\u00edan pasado su primera noche en cana.<\/p>\n\n\n\n<p>Su deber era respaldar a los investigadores y, principalmente, garantizar la transparencia del proceso, por ejemplo solicitando la intervenci\u00f3n de efectivos y peritos federales en la investigaci\u00f3n. Pero antes que la b\u00fasqueda de Cecilia abraz\u00f3 su resguardo electoral.<\/p>\n\n\n\n<p>Nadie esperaba que pusiera las manos en el fuego por ellos, pero tampoco que saltara ol\u00edmpicamente la Constituci\u00f3n para violar la presunci\u00f3n de inocencia en un proceso en ciernes. Alguien podr\u00eda creer que ya entonces \u00e9l sab\u00eda algo que hasta hoy los dem\u00e1s ignoramos.<\/p>\n\n\n\n<p>Fue un acto reflejo en pos de su supervivencia. Sabe que el solvente de la indignaci\u00f3n social diluye cualquier intenci\u00f3n de voto. La gente quiere a Cecilia y, si no: justicia. Lo primero parece imposible, y lo segundo siempre demora y a veces no llega.<\/p>\n\n\n\n<p>Por eso, a cambio, en un acto de demagogia pura ofreci\u00f3 la cabeza de su piquetero insignia, revole\u00e1ndosela al Tribunal Electoral.<\/p>\n\n\n\n<p>Esperaba que su planteo de inhabilidad moral de sus candidatos acusados de femicidio fuera rechazado por extempor\u00e1neo, pero la Justicia Electoral se lav\u00f3 las manos m\u00e1s r\u00e1pido que \u00e9l: le dio luz verde y aclar\u00f3 que poner y sacar candidatos es una facultad de las alianzas. Pero en el apuro no mencion\u00f3 como reemplazarlos ni c\u00f3mo se promocionar\u00edan sus reemplazantes al filo del acto electoral.<\/p>\n\n\n\n<p>Tan es as\u00ed que este domingo los electores encontrar\u00e1n las boletas completas: Capitanich y Anal\u00eda Rach Quiroga, junto a Emerenciano Sena y Marcela Acu\u00f1a, y m\u00e1s abajo sus estrechos colaboradores Gustavo Obreg\u00f3n, precandidato a diputado, y Fabiana Gonz\u00e1lez, precandidata a concejal, 5 de los 7 detenidos por el femicidio de Cecilia; los otros 2 son empleados suyos.<\/p>\n\n\n\n<p>Pero echarlo de una boleta colectora no alcanza para desterrarlo de su entorno, porque Emerenciano tiene una pata bien ancha dentro de la mism\u00edsima boleta oficial 17 de Octubre: Quint\u00edn G\u00f3mez, su aliado de fierro, coet\u00e1neos, de la misma promo piquetera.<\/p>\n\n\n\n<p>Socios en la protesta social, Emerenciano y Quint\u00edn, zona sur y zona norte, tienen sus movimientos, convenios con el Gobierno para la construcci\u00f3n de viviendas, regentean sendas escuelas de gesti\u00f3n social, entre otras semejanzas, y en la arena pol\u00edtica pelean espalda con espalda.<\/p>\n\n\n\n<p>En abril pasado, sobre la hora del cierre de rosca para las Paso, marcharon juntos para exigir \u201cbasta de las mismas caras de siempre\u201d y un lugar en las listas. Si planeaban ir por su cuenta no necesitaban mendigarle a nadie; evidentemente el mensaje era para el Gobernador.<\/p>\n\n\n\n<p>Acto seguido, Quint\u00edn fue impreso en el quinto lugar de la lista de precandidatos a diputados provinciales que encabeza el ministro de Planificaci\u00f3n, Econom\u00eda e Infraestructura: Santiago P\u00e9rez Pons, seguido de la ministra de Desarrollo Social: Mar\u00eda P\u00eda Chiacchio Cavana.<\/p>\n\n\n\n<p>Estos mismos funcionarios le dieron la bienvenida a la exclusiva primera fila del oficialismo electoral, el coquismo que viene, justamente son los encargados de administrar y asignar los fondos para la construcci\u00f3n de viviendas, por un lado, y, por el otro, el reparto de mercader\u00edas para afianzar las bases de la popularidad pol\u00edtica, fundamental en una provincia repleta de pobres.<\/p>\n\n\n\n<p>Es indisimulable la preocupaci\u00f3n de Capitanich por el costo pol\u00edtico del caso y decidi\u00f3 empujar con m\u00e1s fuerza su Frente Chaque\u00f1o hasta las urnas del domingo. Por eso no suspendi\u00f3 las fiestas de cierre de campa\u00f1a para acompa\u00f1ar el duelo de la madre de Cecilia como lo hicieron los dem\u00e1s candidatos.<\/p>\n\n\n\n<p>Si le va bien continuar\u00e1 por ah\u00ed. Y si le va mal tambi\u00e9n.<\/p>\n\n\n\n<p>Con Cecilia o sin Cecilia.<\/p>\n\n\n\n<p>Con Emerenciano adentro o afuera, pero s\u00ed o s\u00ed.<\/p>\n\n\n\n<figure class=\"wp-block-image size-full\"><img loading=\"lazy\" decoding=\"async\" width=\"780\" height=\"487\" src=\"http:\/\/hdpnoticias.com.ar\/wp-content\/uploads\/2023\/06\/Quintin-Eme-y-Coqui.jpg\" alt=\"\" class=\"wp-image-2711\" srcset=\"https:\/\/hdpnoticias.com.ar\/wp-content\/uploads\/2023\/06\/Quintin-Eme-y-Coqui.jpg 780w, https:\/\/hdpnoticias.com.ar\/wp-content\/uploads\/2023\/06\/Quintin-Eme-y-Coqui-300x187.jpg 300w, https:\/\/hdpnoticias.com.ar\/wp-content\/uploads\/2023\/06\/Quintin-Eme-y-Coqui-768x480.jpg 768w, https:\/\/hdpnoticias.com.ar\/wp-content\/uploads\/2023\/06\/Quintin-Eme-y-Coqui-696x435.jpg 696w, https:\/\/hdpnoticias.com.ar\/wp-content\/uploads\/2023\/06\/Quintin-Eme-y-Coqui-673x420.jpg 673w\" sizes=\"auto, (max-width: 780px) 100vw, 780px\" \/><figcaption class=\"wp-element-caption\">Quint\u00edn G\u00f3mez y Emerenciano Sena, titulares de las EPGS 4 y 2, y el gobernador Jorge Capitanich inaugurando el ciclo lectivo 2023.<\/figcaption><\/figure>\n","protected":false},"excerpt":{"rendered":"<p>Por Dar\u00edo Zarco | La desaparici\u00f3n de Cecilia Strzyzowski lo agarr\u00f3 fr\u00edo al gobernador Jorge Capitanich. Hubiera sido una noticia m\u00e1s hasta el lunes si no explotaba en los medios y en las redes como explot\u00f3. Y la r\u00e1pida incriminaci\u00f3n de C\u00e9sar Sena y sus padres los dirigentes sociales Emerenciano Sena y Marcela Acu\u00f1a, fue [&hellip;]<\/p>\n","protected":false},"author":1,"featured_media":2710,"comment_status":"open","ping_status":"open","sticky":false,"template":"","format":"standard","meta":{"footnotes":""},"categories":[2],"tags":[29,1813,1812,1861,358,682,793,409,1052,235,1862,794,49,798],"class_list":["post-2707","post","type-post","status-publish","format-standard","has-post-thumbnail","hentry","category-editorial","tag-capitanich","tag-cecilia","tag-cesar","tag-chiacchio-cavana","tag-desaparecida","tag-diputado","tag-emerenciano","tag-femicidio","tag-frente-chaqueno","tag-perez-pons","tag-piquetero","tag-quintin","tag-resistencia","tag-sena"],"_links":{"self":[{"href":"https:\/\/hdpnoticias.com.ar\/index.php?rest_route=\/wp\/v2\/posts\/2707","targetHints":{"allow":["GET"]}}],"collection":[{"href":"https:\/\/hdpnoticias.com.ar\/index.php?rest_route=\/wp\/v2\/posts"}],"about":[{"href":"https:\/\/hdpnoticias.com.ar\/index.php?rest_route=\/wp\/v2\/types\/post"}],"author":[{"embeddable":true,"href":"https:\/\/hdpnoticias.com.ar\/index.php?rest_route=\/wp\/v2\/users\/1"}],"replies":[{"embeddable":true,"href":"https:\/\/hdpnoticias.com.ar\/index.php?rest_route=%2Fwp%2Fv2%2Fcomments&post=2707"}],"version-history":[{"count":1,"href":"https:\/\/hdpnoticias.com.ar\/index.php?rest_route=\/wp\/v2\/posts\/2707\/revisions"}],"predecessor-version":[{"id":2712,"href":"https:\/\/hdpnoticias.com.ar\/index.php?rest_route=\/wp\/v2\/posts\/2707\/revisions\/2712"}],"wp:featuredmedia":[{"embeddable":true,"href":"https:\/\/hdpnoticias.com.ar\/index.php?rest_route=\/wp\/v2\/media\/2710"}],"wp:attachment":[{"href":"https:\/\/hdpnoticias.com.ar\/index.php?rest_route=%2Fwp%2Fv2%2Fmedia&parent=2707"}],"wp:term":[{"taxonomy":"category","embeddable":true,"href":"https:\/\/hdpnoticias.com.ar\/index.php?rest_route=%2Fwp%2Fv2%2Fcategories&post=2707"},{"taxonomy":"post_tag","embeddable":true,"href":"https:\/\/hdpnoticias.com.ar\/index.php?rest_route=%2Fwp%2Fv2%2Ftags&post=2707"}],"curies":[{"name":"wp","href":"https:\/\/api.w.org\/{rel}","templated":true}]}}