{"id":2688,"date":"2023-06-14T13:31:37","date_gmt":"2023-06-14T16:31:37","guid":{"rendered":"http:\/\/hdpnoticias.com.ar\/?p=2688"},"modified":"2023-06-14T13:34:49","modified_gmt":"2023-06-14T16:34:49","slug":"diaz-dejo-la-defensa-de-cesar-sena-por-cuestiones-eticas-y-morales","status":"publish","type":"post","link":"https:\/\/hdpnoticias.com.ar\/?p=2688","title":{"rendered":"D\u00edaz dej\u00f3 la defensa de C\u00e9sar Sena por cuestiones \u00e9ticas y morales"},"content":{"rendered":"\n<p>El abogado Juan D\u00edaz, que asisti\u00f3 a C\u00e9sar Sena en el caso Cecilia Strzysowski desde el d\u00eda que fue convocado como testigo por el fiscal Jorge C\u00e1ceres Olivera, renunci\u00f3 la ma\u00f1ana de este mi\u00e9rcoles.<\/p>\n\n\n\n<p>Entrevistado por Mat\u00edas Meza en radio Natagal\u00e1, cont\u00f3 que tom\u00f3 la decisi\u00f3n de abandonar la defensa de C\u00e9sar despu\u00e9s de tomar contacto con el expediente tras las novedades incorporadas la noche del martes, cuando prest\u00f3 declaraci\u00f3n indagatoria el puestero Gustavo Melgarajo, mientras el resto de los imputados se abstuvo.<\/p>\n\n\n\n<p>D\u00edaz dijo que \u201cnecesitan otro tipo de abogado\u201d, ya que en estas condiciones su defensa no ser\u00eda efectiva. Y resumi\u00f3 que se apart\u00f3 por razones \u00e9ticas y morales.<\/p>\n\n\n\n<p>Tampoco defender\u00e1 a Fabiana Gonz\u00e1lez y Gustavo Obreg\u00f3n, la pareja de estrechos colaboradores de los Sena, tambi\u00e9n detenidos.<\/p>\n\n\n\n<p>D\u00edaz, que hasta ayer, cuando asumi\u00f3 Juan Carlos Saife, tambi\u00e9n representaba a Emerenciano Sena y Marcela Acu\u00f1a, a quienes acompa\u00f1\u00f3 durante muchos a\u00f1os asistiendo legalmente en su militancia en el Movimiento Socialista Emerenciano y en el Partido Socialistas Unidos por el Chaco.<\/p>\n\n\n\n<p>Afectado por las \u00faltimas novedades del expediente por el femicidiio de Cecilia, dijo que \u201cesta gente no merece llamarse dirigentes, no tienen la autoridad \u00e9tica ni moral que se necesita para eso\u201d, dijo.<\/p>\n","protected":false},"excerpt":{"rendered":"<p>El abogado Juan D\u00edaz, que asisti\u00f3 a C\u00e9sar Sena en el caso Cecilia Strzysowski desde el d\u00eda que fue convocado como testigo por el fiscal Jorge C\u00e1ceres Olivera, renunci\u00f3 la ma\u00f1ana de este mi\u00e9rcoles. Entrevistado por Mat\u00edas Meza en radio Natagal\u00e1, cont\u00f3 que tom\u00f3 la decisi\u00f3n de abandonar la defensa de C\u00e9sar despu\u00e9s de tomar [&hellip;]<\/p>\n","protected":false},"author":1,"featured_media":2690,"comment_status":"open","ping_status":"open","sticky":false,"template":"","format":"standard","meta":{"footnotes":""},"categories":[26],"tags":[805,1813,1812,1853,1035,793,409,1787,1852,798],"class_list":["post-2688","post","type-post","status-publish","format-standard","has-post-thumbnail","hentry","category-policiales","tag-acuna","tag-cecilia","tag-cesar","tag-chanqueria","tag-diaz","tag-emerenciano","tag-femicidio","tag-marcela","tag-puestero","tag-sena"],"_links":{"self":[{"href":"https:\/\/hdpnoticias.com.ar\/index.php?rest_route=\/wp\/v2\/posts\/2688","targetHints":{"allow":["GET"]}}],"collection":[{"href":"https:\/\/hdpnoticias.com.ar\/index.php?rest_route=\/wp\/v2\/posts"}],"about":[{"href":"https:\/\/hdpnoticias.com.ar\/index.php?rest_route=\/wp\/v2\/types\/post"}],"author":[{"embeddable":true,"href":"https:\/\/hdpnoticias.com.ar\/index.php?rest_route=\/wp\/v2\/users\/1"}],"replies":[{"embeddable":true,"href":"https:\/\/hdpnoticias.com.ar\/index.php?rest_route=%2Fwp%2Fv2%2Fcomments&post=2688"}],"version-history":[{"count":1,"href":"https:\/\/hdpnoticias.com.ar\/index.php?rest_route=\/wp\/v2\/posts\/2688\/revisions"}],"predecessor-version":[{"id":2689,"href":"https:\/\/hdpnoticias.com.ar\/index.php?rest_route=\/wp\/v2\/posts\/2688\/revisions\/2689"}],"wp:featuredmedia":[{"embeddable":true,"href":"https:\/\/hdpnoticias.com.ar\/index.php?rest_route=\/wp\/v2\/media\/2690"}],"wp:attachment":[{"href":"https:\/\/hdpnoticias.com.ar\/index.php?rest_route=%2Fwp%2Fv2%2Fmedia&parent=2688"}],"wp:term":[{"taxonomy":"category","embeddable":true,"href":"https:\/\/hdpnoticias.com.ar\/index.php?rest_route=%2Fwp%2Fv2%2Fcategories&post=2688"},{"taxonomy":"post_tag","embeddable":true,"href":"https:\/\/hdpnoticias.com.ar\/index.php?rest_route=%2Fwp%2Fv2%2Ftags&post=2688"}],"curies":[{"name":"wp","href":"https:\/\/api.w.org\/{rel}","templated":true}]}}