{"id":2677,"date":"2023-06-13T23:27:00","date_gmt":"2023-06-14T02:27:00","guid":{"rendered":"http:\/\/hdpnoticias.com.ar\/?p=2677"},"modified":"2023-06-14T05:36:29","modified_gmt":"2023-06-14T08:36:29","slug":"femicidio-de-cecilia-la-familia-sena-no-declaro-pero-el-puestero-sigue-hablando","status":"publish","type":"post","link":"https:\/\/hdpnoticias.com.ar\/?p=2677","title":{"rendered":"Femicidio de Cecilia: la familia Sena no declar\u00f3 pero el puestero sigue hablando"},"content":{"rendered":"\n<p>Finalmente la noche de este lunes fueron convocados a prestar declaraci\u00f3n de imputados todos los detenidos en por la desaparici\u00f3n de Cecilia Strzyzowsli, caso que los fiscales ya calificaron como \u201cfemicidio\u201d.<\/p>\n\n\n\n<p>C\u00e9sar Sena y sus padres los dirigentes sociales Emerenciano Sena y Marcela Acu\u00f1a fueron convocados a prestar declaraci\u00f3n de imputados la noche de este martes en su lugar de detenci\u00f3n, hasta d\u00f3nde se trasladaron los fiscales Jorge C\u00e1ceres Olivera, Jorge G\u00f3mez y Nelia Vel\u00e1zquez.<\/p>\n\n\n\n<p>En primer turno, Emerenciano y C\u00e9sar lo hicieron en la Comisar\u00eda Tercera, a 6 cuadras de su casa. E inmediatamente despu\u00e9s Marcela hizo lo propio en el edificio contiguo, del Departamento de Violencia de G\u00e9nero.<\/p>\n\n\n\n<p>Llam\u00f3 la atenci\u00f3n la decisi\u00f3n de la pareja de cambiar de abogado y contratar al penalista Juan Carlos Saife, mientras su hijo contin\u00faa representado por Juan D\u00edaz.<\/p>\n\n\n\n<p>Seg\u00fan explic\u00f3 D\u00edaz, fue \u00e9l quien lo sugiri\u00f3 al considerar que no tendr\u00eda el tiempo suficiente para asumir la defensa de los 3 integrantes de la familia Sena, m\u00e1s la de Fabiana Gonz\u00e1lez y Gustavo Obreg\u00f3n. Estos \u00faltimos tampoco declararon.<\/p>\n\n\n\n<p>As\u00ed, los \u00fanicos imputados que hablaron ante el equipo fiscal fueron el puestero Gustavo Melgarejo y su pareja: Griselda Reinoso. \u00c9sta result\u00f3 ser la s\u00e9ptima detenida, de la que no se conoc\u00eda la identidad. Estos lo hicieron acompa\u00f1ados de un defensor oficial.<\/p>\n\n\n\n<p>Melgarejo hab\u00eda sido detenido al ser identificado en el allanamiento al establecimiento rural de Sena en Campo Rossi, en el l\u00edmite entre Colonia Ben\u00edtez y Puerto Tirol, al conocerse que estaba pr\u00f3fugo en una causa por violencia de g\u00e9nero.<\/p>\n\n\n\n<p>En ese momento el hombre dijo que llevaba 4 meses trabajando en ese lugar y que s\u00f3lo conoc\u00eda a Emerenciano Sena, que semanalmente iba a pagarle sus servicios. Pero el \u00e9nfasis con el que se expresaba sobre cuestiones puntuales hizo dudar a los investigadores.<\/p>\n\n\n\n<p>Al d\u00eda siguiente aport\u00f3 informaci\u00f3n para continuar con el rastrillaje, lo que permiti\u00f3 hallar restos \u00f3seos quemados y enterrados en bolsas, que ahora son peritados por el Instituto de Medicina y Ciencias Forenses.<\/p>\n\n\n\n<p>Tambi\u00e9n hab\u00eda dicho que su pareja que viv\u00eda con \u00e9l en ese lugar, se hab\u00eda retirado el lunes 5 y que estaba residiendo en la casa de sus padres. La mujer tambi\u00e9n fue convocada y termin\u00f3 detenida.<\/p>\n\n\n\n<p>Hasta ac\u00e1, se le imputa a C\u00e9sar Cena el femicidio de Cecilia, mientras sus padres Emerenciano y Marcela Acu\u00f1a son imputados como \u201ccoautores de homicidio calificado por el concurso de 2 o m\u00e1s personas\u201d, seg\u00fan precis\u00f3 su propio abogado.<\/p>\n\n\n\n<p>Gonz\u00e1lez y Obreg\u00f3n est\u00e1n imputados como \u201cpart\u00edcipes\u201d y la pareja de puestos como \u201cencubridores\u201d.<\/p>\n","protected":false},"excerpt":{"rendered":"<p>Finalmente la noche de este lunes fueron convocados a prestar declaraci\u00f3n de imputados todos los detenidos en por la desaparici\u00f3n de Cecilia Strzyzowsli, caso que los fiscales ya calificaron como \u201cfemicidio\u201d. C\u00e9sar Sena y sus padres los dirigentes sociales Emerenciano Sena y Marcela Acu\u00f1a fueron convocados a prestar declaraci\u00f3n de imputados la noche de este [&hellip;]<\/p>\n","protected":false},"author":1,"featured_media":2678,"comment_status":"open","ping_status":"open","sticky":false,"template":"","format":"standard","meta":{"footnotes":""},"categories":[26],"tags":[1813,37,1825,409,1852,49,1851,798],"class_list":["post-2677","post","type-post","status-publish","format-standard","has-post-thumbnail","hentry","category-policiales","tag-cecilia","tag-chaco","tag-chancheria","tag-femicidio","tag-puestero","tag-resistencia","tag-saife","tag-sena"],"_links":{"self":[{"href":"https:\/\/hdpnoticias.com.ar\/index.php?rest_route=\/wp\/v2\/posts\/2677","targetHints":{"allow":["GET"]}}],"collection":[{"href":"https:\/\/hdpnoticias.com.ar\/index.php?rest_route=\/wp\/v2\/posts"}],"about":[{"href":"https:\/\/hdpnoticias.com.ar\/index.php?rest_route=\/wp\/v2\/types\/post"}],"author":[{"embeddable":true,"href":"https:\/\/hdpnoticias.com.ar\/index.php?rest_route=\/wp\/v2\/users\/1"}],"replies":[{"embeddable":true,"href":"https:\/\/hdpnoticias.com.ar\/index.php?rest_route=%2Fwp%2Fv2%2Fcomments&post=2677"}],"version-history":[{"count":1,"href":"https:\/\/hdpnoticias.com.ar\/index.php?rest_route=\/wp\/v2\/posts\/2677\/revisions"}],"predecessor-version":[{"id":2679,"href":"https:\/\/hdpnoticias.com.ar\/index.php?rest_route=\/wp\/v2\/posts\/2677\/revisions\/2679"}],"wp:featuredmedia":[{"embeddable":true,"href":"https:\/\/hdpnoticias.com.ar\/index.php?rest_route=\/wp\/v2\/media\/2678"}],"wp:attachment":[{"href":"https:\/\/hdpnoticias.com.ar\/index.php?rest_route=%2Fwp%2Fv2%2Fmedia&parent=2677"}],"wp:term":[{"taxonomy":"category","embeddable":true,"href":"https:\/\/hdpnoticias.com.ar\/index.php?rest_route=%2Fwp%2Fv2%2Fcategories&post=2677"},{"taxonomy":"post_tag","embeddable":true,"href":"https:\/\/hdpnoticias.com.ar\/index.php?rest_route=%2Fwp%2Fv2%2Ftags&post=2677"}],"curies":[{"name":"wp","href":"https:\/\/api.w.org\/{rel}","templated":true}]}}