{"id":2665,"date":"2023-06-13T06:20:40","date_gmt":"2023-06-13T09:20:40","guid":{"rendered":"http:\/\/hdpnoticias.com.ar\/?p=2665"},"modified":"2023-06-13T06:20:42","modified_gmt":"2023-06-13T09:20:42","slug":"caso-cecilia-incorporan-fiscal-de-camara-para-acelerar-la-investigacion","status":"publish","type":"post","link":"https:\/\/hdpnoticias.com.ar\/?p=2665","title":{"rendered":"Caso Cecilia: incorporan fiscal de C\u00e1mara para acelerar la investigaci\u00f3n"},"content":{"rendered":"\n<p>El procurador general Jorge Canteros decidi\u00f3 incorporar al fiscal de C\u00e1mara Jorge G\u00f3mez al equipo que investiga la desaparici\u00f3n y posible femicidio de Cecilia Strzyowski con el fin de imprimirle celeridad al proceso que ya acapar\u00f3 la atenci\u00f3n nacional.<\/p>\n\n\n\n<p>En la causa est\u00e1n detenidos los dirigentes sociales Emerenciano Sena y Marcela Acu\u00f1a, el hijo de ambos y pareja de Cecilia: C\u00e9sar Sena, una pareja de colaboradores de la familia: Gustavo Obreg\u00f3n y Fabiana Gonz\u00e1les, y otras 2 pesonas de las que s\u00f3lo trascendi\u00f3 que integran el c\u00edrculo \u00edntimo de los Sena.<\/p>\n\n\n\n<p>Todos los implicados en el caso podr\u00edan ser convocados a prestar declaraci\u00f3n indagatoria este martes despu\u00e9s de que el equipo fiscal de Violencia de G\u00e9nero encabezado por Jorge C\u00e1ceres Olivera se re\u00fana tras la incorporaci\u00f3n de G\u00f3mez para fijar las premisas.<\/p>\n","protected":false},"excerpt":{"rendered":"<p>El procurador general Jorge Canteros decidi\u00f3 incorporar al fiscal de C\u00e1mara Jorge G\u00f3mez al equipo que investiga la desaparici\u00f3n y posible femicidio de Cecilia Strzyowski con el fin de imprimirle celeridad al proceso que ya acapar\u00f3 la atenci\u00f3n nacional. En la causa est\u00e1n detenidos los dirigentes sociales Emerenciano Sena y Marcela Acu\u00f1a, el hijo de [&hellip;]<\/p>\n","protected":false},"author":1,"featured_media":2666,"comment_status":"open","ping_status":"open","sticky":false,"template":"","format":"standard","meta":{"footnotes":""},"categories":[6],"tags":[1813,1812,37,793,409,1258,1847,1787,798],"class_list":["post-2665","post","type-post","status-publish","format-standard","has-post-thumbnail","hentry","category-info-general","tag-cecilia","tag-cesar","tag-chaco","tag-emerenciano","tag-femicidio","tag-fiscal","tag-investigacion","tag-marcela","tag-sena"],"_links":{"self":[{"href":"https:\/\/hdpnoticias.com.ar\/index.php?rest_route=\/wp\/v2\/posts\/2665","targetHints":{"allow":["GET"]}}],"collection":[{"href":"https:\/\/hdpnoticias.com.ar\/index.php?rest_route=\/wp\/v2\/posts"}],"about":[{"href":"https:\/\/hdpnoticias.com.ar\/index.php?rest_route=\/wp\/v2\/types\/post"}],"author":[{"embeddable":true,"href":"https:\/\/hdpnoticias.com.ar\/index.php?rest_route=\/wp\/v2\/users\/1"}],"replies":[{"embeddable":true,"href":"https:\/\/hdpnoticias.com.ar\/index.php?rest_route=%2Fwp%2Fv2%2Fcomments&post=2665"}],"version-history":[{"count":1,"href":"https:\/\/hdpnoticias.com.ar\/index.php?rest_route=\/wp\/v2\/posts\/2665\/revisions"}],"predecessor-version":[{"id":2667,"href":"https:\/\/hdpnoticias.com.ar\/index.php?rest_route=\/wp\/v2\/posts\/2665\/revisions\/2667"}],"wp:featuredmedia":[{"embeddable":true,"href":"https:\/\/hdpnoticias.com.ar\/index.php?rest_route=\/wp\/v2\/media\/2666"}],"wp:attachment":[{"href":"https:\/\/hdpnoticias.com.ar\/index.php?rest_route=%2Fwp%2Fv2%2Fmedia&parent=2665"}],"wp:term":[{"taxonomy":"category","embeddable":true,"href":"https:\/\/hdpnoticias.com.ar\/index.php?rest_route=%2Fwp%2Fv2%2Fcategories&post=2665"},{"taxonomy":"post_tag","embeddable":true,"href":"https:\/\/hdpnoticias.com.ar\/index.php?rest_route=%2Fwp%2Fv2%2Ftags&post=2665"}],"curies":[{"name":"wp","href":"https:\/\/api.w.org\/{rel}","templated":true}]}}