{"id":2660,"date":"2023-06-12T17:01:54","date_gmt":"2023-06-12T20:01:54","guid":{"rendered":"http:\/\/hdpnoticias.com.ar\/?p=2660"},"modified":"2023-06-12T17:01:57","modified_gmt":"2023-06-12T20:01:57","slug":"caso-cecilia-el-gobierno-quiere-que-la-gente-escuche-solo-su-version","status":"publish","type":"post","link":"https:\/\/hdpnoticias.com.ar\/?p=2660","title":{"rendered":"Caso Cecilia: el Gobierno quiere que la gente escuche s\u00f3lo su versi\u00f3n"},"content":{"rendered":"\n<p>El Gobierno de la Provincia del Chaco, obligado por las circunstancias, comenz\u00f3 a emitir comunicados referidos a la marcha de la investigaci\u00f3n de la desaparici\u00f3n y posible femicidio de Cecilia Strzyzowski, por el que est\u00e1n detenidos los dirigentes sociales Emerenciano Sena y Marcela Acu\u00f1a, precandidatos a primer diputado provincial e intendente de Resistencia, por el Frente Chaque\u00f1o, el hijo de ambos: C\u00e9sar Sena, y otras 4 personas de su entorno inmediato.<\/p>\n\n\n\n<p>A las conferencias que la ministra de Seguridad y Justicia: Gloria Zalazar, y la secretaria de Derechos Humanos y G\u00e9neros: Silvana P\u00e9rez, comenzaron a ofrecer sobre el fin de semana, el Gobierno sum\u00f3 ahora repasos informativos en los medios oficiales Chaco TV, Radio Provincia del Chaco y la Agencia Foco, todos dedicados exclusivamente a la propaganda electoral del gobernador Jorge Capitanich.<\/p>\n\n\n\n<p>En esta oportunidad, como cada vez que ocurren situaciones que alcanzan a la gesti\u00f3n de Capitanich, el Gobierno llama a la sociedad a informarse s\u00f3lo a trav\u00e9s de las versiones oficiales divulgadas a trav\u00e9s de su cadena oficial. Y, paralelamente, presiona a los medios contratados con pauta publicitaria oficial a replicar estrictamente comunicados oficiales sobre el tema.<\/p>\n\n\n\n<p>En esta oportunidad, el inter\u00e9s del Gobierno de unificar la comunicaci\u00f3n dosificada por sus medios de prensa se asocia a la proximidad de las elecciones del pr\u00f3ximo domingo, mientras espera que la Justicia Electoral responda su pedido de eliminarlos de la lista.<\/p>\n","protected":false},"excerpt":{"rendered":"<p>El Gobierno de la Provincia del Chaco, obligado por las circunstancias, comenz\u00f3 a emitir comunicados referidos a la marcha de la investigaci\u00f3n de la desaparici\u00f3n y posible femicidio de Cecilia Strzyzowski, por el que est\u00e1n detenidos los dirigentes sociales Emerenciano Sena y Marcela Acu\u00f1a, precandidatos a primer diputado provincial e intendente de Resistencia, por el [&hellip;]<\/p>\n","protected":false},"author":1,"featured_media":2661,"comment_status":"open","ping_status":"open","sticky":false,"template":"","format":"standard","meta":{"footnotes":""},"categories":[27],"tags":[1813,1812,285,793,409,1052,798,548],"class_list":["post-2660","post","type-post","status-publish","format-standard","has-post-thumbnail","hentry","category-politica","tag-cecilia","tag-cesar","tag-detenidos","tag-emerenciano","tag-femicidio","tag-frente-chaqueno","tag-sena","tag-violencia-de-genero"],"_links":{"self":[{"href":"https:\/\/hdpnoticias.com.ar\/index.php?rest_route=\/wp\/v2\/posts\/2660","targetHints":{"allow":["GET"]}}],"collection":[{"href":"https:\/\/hdpnoticias.com.ar\/index.php?rest_route=\/wp\/v2\/posts"}],"about":[{"href":"https:\/\/hdpnoticias.com.ar\/index.php?rest_route=\/wp\/v2\/types\/post"}],"author":[{"embeddable":true,"href":"https:\/\/hdpnoticias.com.ar\/index.php?rest_route=\/wp\/v2\/users\/1"}],"replies":[{"embeddable":true,"href":"https:\/\/hdpnoticias.com.ar\/index.php?rest_route=%2Fwp%2Fv2%2Fcomments&post=2660"}],"version-history":[{"count":1,"href":"https:\/\/hdpnoticias.com.ar\/index.php?rest_route=\/wp\/v2\/posts\/2660\/revisions"}],"predecessor-version":[{"id":2662,"href":"https:\/\/hdpnoticias.com.ar\/index.php?rest_route=\/wp\/v2\/posts\/2660\/revisions\/2662"}],"wp:featuredmedia":[{"embeddable":true,"href":"https:\/\/hdpnoticias.com.ar\/index.php?rest_route=\/wp\/v2\/media\/2661"}],"wp:attachment":[{"href":"https:\/\/hdpnoticias.com.ar\/index.php?rest_route=%2Fwp%2Fv2%2Fmedia&parent=2660"}],"wp:term":[{"taxonomy":"category","embeddable":true,"href":"https:\/\/hdpnoticias.com.ar\/index.php?rest_route=%2Fwp%2Fv2%2Fcategories&post=2660"},{"taxonomy":"post_tag","embeddable":true,"href":"https:\/\/hdpnoticias.com.ar\/index.php?rest_route=%2Fwp%2Fv2%2Ftags&post=2660"}],"curies":[{"name":"wp","href":"https:\/\/api.w.org\/{rel}","templated":true}]}}