{"id":2583,"date":"2023-06-10T21:08:03","date_gmt":"2023-06-11T00:08:03","guid":{"rendered":"http:\/\/hdpnoticias.com.ar\/?p=2583"},"modified":"2023-06-10T21:08:05","modified_gmt":"2023-06-11T00:08:05","slug":"el-puestero-del-campo-de-sena-era-buscado-por-violencia-de-genero","status":"publish","type":"post","link":"https:\/\/hdpnoticias.com.ar\/?p=2583","title":{"rendered":"El puestero del campo de Sena era buscado por violencia de g\u00e9nero"},"content":{"rendered":"\n<p>La tarde de este s\u00e1bado fue allanado un predio rural perteneciente al Movimiento Emerenciano, que lideran <strong><a href=\"http:\/\/hdpnoticias.com.ar\/?p=2568\" target=\"_blank\" rel=\"noreferrer noopener\">Emerenciano Sena y Marcela Acu\u00f1a, detenidos<\/a><\/strong> junto a su hijo <strong><a href=\"http:\/\/hdpnoticias.com.ar\/?p=2575\" target=\"_blank\" rel=\"noreferrer noopener\">C\u00e9sar Sena<\/a><\/strong> por la desaparici\u00f3n de la pareja de \u00e9ste: Cecilia Strzyzowsk, de 28 a\u00f1os. Tambi\u00e9n est\u00e1 detenida Fabiana Gonz\u00e1lez, integrante del movimiento y colaboradora de la familia.<\/p>\n\n\n\n<p>En el lugar, ubicado en los parajes Tres Horquetas y Campo Rossi, en el l\u00edmite entre Colonia Ben\u00edtez y Puerto Tirol, los funcionarios policiales y judiciales se encontraron con el \u201ccuidador\u201d, que fue impuesto de la situaci\u00f3n.<\/p>\n\n\n\n<p>El hombre dijo trabajar como puestero en el lugar desde hace unos 4 meses, contratado por Emerenciano. Y al ser identificado se supo que pesaba sobre \u00e9l un pedido de detenci\u00f3n, acusado de violencia de g\u00e9nero. \u00c9l asegur\u00f3 no tener conocimiento de tal situaci\u00f3n.<\/p>\n","protected":false},"excerpt":{"rendered":"<p>La tarde de este s\u00e1bado fue allanado un predio rural perteneciente al Movimiento Emerenciano, que lideran Emerenciano Sena y Marcela Acu\u00f1a, detenidos junto a su hijo C\u00e9sar Sena por la desaparici\u00f3n de la pareja de \u00e9ste: Cecilia Strzyzowsk, de 28 a\u00f1os. Tambi\u00e9n est\u00e1 detenida Fabiana Gonz\u00e1lez, integrante del movimiento y colaboradora de la familia. En [&hellip;]<\/p>\n","protected":false},"author":1,"featured_media":2584,"comment_status":"open","ping_status":"open","sticky":false,"template":"","format":"standard","meta":{"footnotes":""},"categories":[26],"tags":[1011,1813,1824,1812,358,285,793,409,1787,798],"class_list":["post-2583","post","type-post","status-publish","format-standard","has-post-thumbnail","hentry","category-policiales","tag-allanamiento","tag-cecilia","tag-cerdos","tag-cesar","tag-desaparecida","tag-detenidos","tag-emerenciano","tag-femicidio","tag-marcela","tag-sena"],"_links":{"self":[{"href":"https:\/\/hdpnoticias.com.ar\/index.php?rest_route=\/wp\/v2\/posts\/2583","targetHints":{"allow":["GET"]}}],"collection":[{"href":"https:\/\/hdpnoticias.com.ar\/index.php?rest_route=\/wp\/v2\/posts"}],"about":[{"href":"https:\/\/hdpnoticias.com.ar\/index.php?rest_route=\/wp\/v2\/types\/post"}],"author":[{"embeddable":true,"href":"https:\/\/hdpnoticias.com.ar\/index.php?rest_route=\/wp\/v2\/users\/1"}],"replies":[{"embeddable":true,"href":"https:\/\/hdpnoticias.com.ar\/index.php?rest_route=%2Fwp%2Fv2%2Fcomments&post=2583"}],"version-history":[{"count":1,"href":"https:\/\/hdpnoticias.com.ar\/index.php?rest_route=\/wp\/v2\/posts\/2583\/revisions"}],"predecessor-version":[{"id":2585,"href":"https:\/\/hdpnoticias.com.ar\/index.php?rest_route=\/wp\/v2\/posts\/2583\/revisions\/2585"}],"wp:featuredmedia":[{"embeddable":true,"href":"https:\/\/hdpnoticias.com.ar\/index.php?rest_route=\/wp\/v2\/media\/2584"}],"wp:attachment":[{"href":"https:\/\/hdpnoticias.com.ar\/index.php?rest_route=%2Fwp%2Fv2%2Fmedia&parent=2583"}],"wp:term":[{"taxonomy":"category","embeddable":true,"href":"https:\/\/hdpnoticias.com.ar\/index.php?rest_route=%2Fwp%2Fv2%2Fcategories&post=2583"},{"taxonomy":"post_tag","embeddable":true,"href":"https:\/\/hdpnoticias.com.ar\/index.php?rest_route=%2Fwp%2Fv2%2Ftags&post=2583"}],"curies":[{"name":"wp","href":"https:\/\/api.w.org\/{rel}","templated":true}]}}