{"id":2578,"date":"2023-06-10T15:29:46","date_gmt":"2023-06-10T18:29:46","guid":{"rendered":"http:\/\/hdpnoticias.com.ar\/?p=2578"},"modified":"2023-06-10T15:40:13","modified_gmt":"2023-06-10T18:40:13","slug":"el-frente-chaqueno-de-capitanich-pide-eliminar-las-candidaturas-de-emerenciano-y-marcela-acuna","status":"publish","type":"post","link":"https:\/\/hdpnoticias.com.ar\/?p=2578","title":{"rendered":"El Frente Chaque\u00f1o de Capitanich pide eliminar las candidaturas de Emerenciano y Marcela Acu\u00f1a"},"content":{"rendered":"\n<p>El oficialista Frente Chaque\u00f1o que lidera el gobernador Jorge Capitanich, solicit\u00f3 al Tribunal electoral la eliminaci\u00f3n de los dirigentes sociales Emerenciano Sena y su esposa Marcela Acu\u00f1a de las listas de precandidatos para las primarias abiertas, simult\u00e1neas y obligatorias del pr\u00f3ximo 18 de junio.<\/p>\n\n\n\n<p>Sena es precandidato a diputado provincial en primer t\u00e9rmino, y Acu\u00f1a precandidata a intendente, por la lista 652 PSU del Frente Chaque\u00f1o, que lleva como precandidato a gobernador a Jorge Capitanich y como precandidata a vicegobernadora a Anal\u00eda Rach Quiroga.<\/p>\n\n\n\n<p>Con la firma de su apoderado: Jorge Alc\u00e1ntara, la alianza pidi\u00f3 que sean retirados de las listas y, consecuentemente, de las boletas, en virtud de la situaci\u00f3n que atraviesan: <strong><a href=\"http:\/\/hdpnoticias.com.ar\/?p=2568\" target=\"_blank\" rel=\"noreferrer noopener\">detenidos por su posible participaci\u00f3n en la desaparici\u00f3n de Cecilia Strzyzowsk<\/a><\/strong>, pareja de su hijo <strong><a href=\"http:\/\/hdpnoticias.com.ar\/?p=2575\" target=\"_blank\" rel=\"noreferrer noopener\">C\u00e9sar Sena<\/a><\/strong>.<\/p>\n\n\n\n<p>Cecilia desapareci\u00f3 el 1 de junio de su casa en Barranqueras. Desde ah\u00ed sali\u00f3 en compa\u00f1\u00eda de C\u00e9sar Sena, y su familia perdi\u00f3 todo contacto con ella.<\/p>\n\n\n\n<p>El jueves, varios d\u00edas despu\u00e9s de la desaparici\u00f3n, Acu\u00f1a y su hijo se presentaron ante la Comisar\u00eda Tercera para aportar su versi\u00f3n del \u00faltimo encuentro que mantuvieron con Cecilia. Y el viernes fue allanada la vivienda familiar donde se secuestraron elementos de inter\u00e9s para la investigaci\u00f3n y el fiscal dispuso la detenci\u00f3n de Emerenciano, Marcela y C\u00e9sar.<\/p>\n\n\n\n<p>Marcela Acu\u00f1a hab\u00eda atribuido las versiones que vinculaban a su hijo con la desaparici\u00f3n de su pareja, a intereses pol\u00edticos en el marco de la campa\u00f1a proselitista. \u201cSi quieren pegarle al gobierno, hay muchas otras cosas para criticar\u201d, hab\u00eda dicho.<\/p>\n\n\n\n<p>Ahora el Frente Chaque\u00f1o da por descontado que se los involucra en un caso de violencia de g\u00e9nero y hasta femicidio, y subrayan que esa situaci\u00f3n contradice los principios no s\u00f3lo de la alianza sino de las pol\u00edticas implementadas por el gobierno de Capitanich.<\/p>\n\n\n\n<p>La relaci\u00f3n del gobernador de Capitanich con los dirigentes detenidos es estrecha y de vieja data. Tan es as\u00ed que fue testigo del casamiento de Emerenciano y Marcela.<\/p>\n","protected":false},"excerpt":{"rendered":"<p>El oficialista Frente Chaque\u00f1o que lidera el gobernador Jorge Capitanich, solicit\u00f3 al Tribunal electoral la eliminaci\u00f3n de los dirigentes sociales Emerenciano Sena y su esposa Marcela Acu\u00f1a de las listas de precandidatos para las primarias abiertas, simult\u00e1neas y obligatorias del pr\u00f3ximo 18 de junio. Sena es precandidato a diputado provincial en primer t\u00e9rmino, y Acu\u00f1a [&hellip;]<\/p>\n","protected":false},"author":1,"featured_media":2579,"comment_status":"open","ping_status":"open","sticky":false,"template":"","format":"standard","meta":{"footnotes":""},"categories":[27],"tags":[29,1823,1813,1812,37,358,793,409,1052,1787,245],"class_list":["post-2578","post","type-post","status-publish","format-standard","has-post-thumbnail","hentry","category-politica","tag-capitanich","tag-casamiento","tag-cecilia","tag-cesar","tag-chaco","tag-desaparecida","tag-emerenciano","tag-femicidio","tag-frente-chaqueno","tag-marcela","tag-primarias"],"_links":{"self":[{"href":"https:\/\/hdpnoticias.com.ar\/index.php?rest_route=\/wp\/v2\/posts\/2578","targetHints":{"allow":["GET"]}}],"collection":[{"href":"https:\/\/hdpnoticias.com.ar\/index.php?rest_route=\/wp\/v2\/posts"}],"about":[{"href":"https:\/\/hdpnoticias.com.ar\/index.php?rest_route=\/wp\/v2\/types\/post"}],"author":[{"embeddable":true,"href":"https:\/\/hdpnoticias.com.ar\/index.php?rest_route=\/wp\/v2\/users\/1"}],"replies":[{"embeddable":true,"href":"https:\/\/hdpnoticias.com.ar\/index.php?rest_route=%2Fwp%2Fv2%2Fcomments&post=2578"}],"version-history":[{"count":2,"href":"https:\/\/hdpnoticias.com.ar\/index.php?rest_route=\/wp\/v2\/posts\/2578\/revisions"}],"predecessor-version":[{"id":2582,"href":"https:\/\/hdpnoticias.com.ar\/index.php?rest_route=\/wp\/v2\/posts\/2578\/revisions\/2582"}],"wp:featuredmedia":[{"embeddable":true,"href":"https:\/\/hdpnoticias.com.ar\/index.php?rest_route=\/wp\/v2\/media\/2579"}],"wp:attachment":[{"href":"https:\/\/hdpnoticias.com.ar\/index.php?rest_route=%2Fwp%2Fv2%2Fmedia&parent=2578"}],"wp:term":[{"taxonomy":"category","embeddable":true,"href":"https:\/\/hdpnoticias.com.ar\/index.php?rest_route=%2Fwp%2Fv2%2Fcategories&post=2578"},{"taxonomy":"post_tag","embeddable":true,"href":"https:\/\/hdpnoticias.com.ar\/index.php?rest_route=%2Fwp%2Fv2%2Ftags&post=2578"}],"curies":[{"name":"wp","href":"https:\/\/api.w.org\/{rel}","templated":true}]}}