{"id":2575,"date":"2023-06-10T14:53:56","date_gmt":"2023-06-10T17:53:56","guid":{"rendered":"http:\/\/hdpnoticias.com.ar\/?p=2575"},"modified":"2023-07-10T10:07:36","modified_gmt":"2023-07-10T13:07:36","slug":"desaparicion-de-cecilia-se-entrego-cesar-sena","status":"publish","type":"post","link":"https:\/\/hdpnoticias.com.ar\/?p=2575","title":{"rendered":"Desaparici\u00f3n de Cecilia: se entreg\u00f3 C\u00e9sar Sena"},"content":{"rendered":"\n<p>Pasado el mediod\u00eda de este s\u00e1bado C\u00e9sar Sena se entreg\u00f3 en la Comisar\u00eda Tercera de Resistencia. Ane la inminencia de su detenci\u00f3n, tras la orden de captura nacional e internacional que pesaba sobre \u00e9l, acudi\u00f3 por sus propios medios.<\/p>\n\n\n\n<p>El hijo de los dirigentes sociales Emerenciano Sena y Marcela Acu\u00f1a, es considerado el principal sospechoso en la causa por la desaparici\u00f3n de su pareja: Cecilia Strzyzowsk, de 28 a\u00f1os. Sus padres ya fueron detenidos la noche del viernes tras el allanamiento a la vivienda familiar de la calle Santa Mar\u00eda de Oro, en Villa del Parque.<\/p>\n\n\n\n<p>Cecilia fue vista por \u00faltima vez la noche del 1 de junio, cuando C\u00e9sar fue a buscarla a su casa de Barranqueras en su camioneta, y dijo a sus familiares que pasar\u00edan la noche en la casa de sus padres y al d\u00eda siguiente viajar\u00edan a Corrientes, desde donde partir\u00edan a Buenos Aires y despu\u00e9s a Ushuaia.<\/p>\n\n\n\n<p>Acu\u00f1a hab\u00eda reconocido el jueves en la Comisar\u00eda Tercera que su hijo y Cecilia hab\u00edan mantenido una discusi\u00f3n y que la joven se retir\u00f3 de la casa enojada y sin decir hacia d\u00f3nde se dirig\u00eda. Y que despu\u00e9s no supieron nada de ella.<\/p>\n\n\n\n<p>Por su parte, C\u00e9sar, en la misma sede policial neg\u00f3 que haya planeado el viaje que denuncia la familia de Cecilia.<\/p>\n\n\n\n<p>El viernes en el allanamiento en la casa de Santa Mar\u00eda de Oro encontraron una fuerte suma de dinero y presuntas manchas hem\u00e1ticas que est\u00e1n siendo analizadas, adem\u00e1s de elementos de corte, entre ellos una \u201csierra carnicera\u201d. Tambi\u00e9n una fuerte suma de dinero superior a los 5 millones de pesos.<\/p>\n\n\n\n<p>Pero la clave de la investigaci\u00f3n la habr\u00eda aportado una mujer, colaboradora de la familia y encargada de la limpieza del lugar, que tambi\u00e9n fue detenida, que habr\u00eda sido testigo de aquella discusi\u00f3n a la que hizo referencia Acu\u00f1a, pero que habr\u00eda aportado una versi\u00f3n diferente.<\/p>\n\n\n\n<p>El caso tiene tambi\u00e9n fuertes connotaciones pol\u00edticas, ya que Emerenciano Sena y Marcela Acu\u00f1a son precantidatos a diputado provincial e intendente de Resistencia, repectivamente, por el Partido Socialistas Unidos por el Chaco, integrante del oficialista Frente Chaque\u00f1o que encabeza el gobernador Jorge Capitanich.<\/p>\n","protected":false},"excerpt":{"rendered":"<p>Pasado el mediod\u00eda de este s\u00e1bado C\u00e9sar Sena se entreg\u00f3 en la Comisar\u00eda Tercera de Resistencia. Ane la inminencia de su detenci\u00f3n, tras la orden de captura nacional e internacional que pesaba sobre \u00e9l, acudi\u00f3 por sus propios medios. El hijo de los dirigentes sociales Emerenciano Sena y Marcela Acu\u00f1a, es considerado el principal sospechoso [&hellip;]<\/p>\n","protected":false},"author":1,"featured_media":2576,"comment_status":"open","ping_status":"open","sticky":false,"template":"","format":"standard","meta":{"footnotes":""},"categories":[26],"tags":[29,1813,1812,358,1820,1821,1787,1822,245,49,798],"class_list":["post-2575","post","type-post","status-publish","format-standard","has-post-thumbnail","hentry","category-policiales","tag-capitanich","tag-cecilia","tag-cesar","tag-desaparecida","tag-emerencian","tag-frente-chaquelo","tag-marcela","tag-precandidatos","tag-primarias","tag-resistencia","tag-sena"],"_links":{"self":[{"href":"https:\/\/hdpnoticias.com.ar\/index.php?rest_route=\/wp\/v2\/posts\/2575","targetHints":{"allow":["GET"]}}],"collection":[{"href":"https:\/\/hdpnoticias.com.ar\/index.php?rest_route=\/wp\/v2\/posts"}],"about":[{"href":"https:\/\/hdpnoticias.com.ar\/index.php?rest_route=\/wp\/v2\/types\/post"}],"author":[{"embeddable":true,"href":"https:\/\/hdpnoticias.com.ar\/index.php?rest_route=\/wp\/v2\/users\/1"}],"replies":[{"embeddable":true,"href":"https:\/\/hdpnoticias.com.ar\/index.php?rest_route=%2Fwp%2Fv2%2Fcomments&post=2575"}],"version-history":[{"count":3,"href":"https:\/\/hdpnoticias.com.ar\/index.php?rest_route=\/wp\/v2\/posts\/2575\/revisions"}],"predecessor-version":[{"id":3106,"href":"https:\/\/hdpnoticias.com.ar\/index.php?rest_route=\/wp\/v2\/posts\/2575\/revisions\/3106"}],"wp:featuredmedia":[{"embeddable":true,"href":"https:\/\/hdpnoticias.com.ar\/index.php?rest_route=\/wp\/v2\/media\/2576"}],"wp:attachment":[{"href":"https:\/\/hdpnoticias.com.ar\/index.php?rest_route=%2Fwp%2Fv2%2Fmedia&parent=2575"}],"wp:term":[{"taxonomy":"category","embeddable":true,"href":"https:\/\/hdpnoticias.com.ar\/index.php?rest_route=%2Fwp%2Fv2%2Fcategories&post=2575"},{"taxonomy":"post_tag","embeddable":true,"href":"https:\/\/hdpnoticias.com.ar\/index.php?rest_route=%2Fwp%2Fv2%2Ftags&post=2575"}],"curies":[{"name":"wp","href":"https:\/\/api.w.org\/{rel}","templated":true}]}}