{"id":2528,"date":"2023-06-07T16:08:26","date_gmt":"2023-06-07T19:08:26","guid":{"rendered":"http:\/\/hdpnoticias.com.ar\/?p=2528"},"modified":"2023-07-10T10:02:16","modified_gmt":"2023-07-10T13:02:16","slug":"capitanich-agasajo-a-los-periodistas-con-un-discurso-de-campana","status":"publish","type":"post","link":"https:\/\/hdpnoticias.com.ar\/?p=2528","title":{"rendered":"Capitanich agasaj\u00f3 a los periodistas con un discurso de campa\u00f1a"},"content":{"rendered":"\n<p>El gobernador Jorge Capitanich agasaj\u00f3 a los periodistas en su d\u00eda con una \u201cconferencia\u201d en la que expuso una vez m\u00e1s el discurso que replica en todas las entrevistas period\u00edsticas tanto con medios locales como nacionales.<\/p>\n\n\n\n<p>La cita fue en el Sal\u00f3n Obligado, de la Casa de Gobierno, rodeado de funcionarios y candidatos del Frente Chaque\u00f1o, expuso desde el atril sin mencionar la precarizaci\u00f3n laboral de los trabajadores de prensa, con todas las categor\u00edas por debajo de la l\u00ednea de pobreza, ni el olvido de la tan prometida &#8220;ley de pauta&#8221; para transparentar el manejo de los fondos p\u00fablicos destinados a la publicidad oficial y la administraci\u00f3n equitativa de los mismos.<\/p>\n\n\n\n<p>\u201cHoy estamos asistiendo a tres problemas claves: insatisfacci\u00f3n democr\u00e1tica; cambio clim\u00e1tico y desigualdades sociales. Ah\u00ed hay un problema de car\u00e1cter estructural que tiene que ver con el desenvolvimiento de las democracias en el mundo\u201d, dijo.<\/p>\n\n\n\n<p>Y sigui\u00f3: \u201cLa democracia necesita libertad de expresi\u00f3n como fuente inmanente, y a su vez es una tensi\u00f3n permanente entre igualdad y libertad. La libertad de expresi\u00f3n no solo debe ser garantizada por el Estado como guardi\u00e1n del pluralismo, sino que tambi\u00e9n debe ser capaz de guardar el resguardo de la voluntad popular a los efectos de que la democracia sea la fiel expresi\u00f3n y la salvaguarda significativa de los derechos del pueblo. Esto significa que cuando existe una contradicci\u00f3n estructural entre democracia y corporaciones; y estas se apropian del Estado por tiempo indeterminado o para satisfacer intereses minoritarios, excluyendo los derechos de la mayor\u00edas, obviamente existen cercenamiento de derechos entre los cuales est\u00e1 la libertad de expresi\u00f3n\u201d.<\/p>\n\n\n\n<p>Para \u00e9l, \u201cen este contexto, la estructuraci\u00f3n del poder corporativo apunta a la construcci\u00f3n de un sentido que desvirt\u00faa la verdad para afectar derechos y destruir los cimientos de una identidad, especialmente lo que significa la capacidad de organizaci\u00f3n de una sociedad para par\u00e1metros de gobernanza y arquetipos de democracia\u201d.<\/p>\n\n\n\n<p>&#8220;Hoy en el mundo la libertad de expresi\u00f3n no solo debe estar garantizada por los gobiernos, sino tambi\u00e9n por un nuevo modelo de acceso a la informaci\u00f3n, verdadera, eficaz y veraz. La capacidad de la toma de decisiones de forma individual o de forma colectiva est\u00e1 determinada por este emergente vinculado al acceso a la informaci\u00f3n y los criterios de construcci\u00f3n del sentido&#8221;, grafic\u00f3.<\/p>\n\n\n\n<p>\u201cHoy m\u00e1s que nunca debemos entender que el germen del periodismo en Argentina es el germen de la Revoluci\u00f3n de Mayo; y esto tiene que ver con la construcci\u00f3n de una sociedad din\u00e1mica sostenida y eso significa no solamente lograr el derecho a la informaci\u00f3n, a la calidad de la informaci\u00f3n, a la verdad para que las fake news ni los ataques sistem\u00e1ticos al ejercicio efectivo de la democracia pongan en duda siquiera los valores intr\u00ednsecos que los medios de comunicaci\u00f3n pregonan\u201d, expuso.<\/p>\n\n\n\n<p>Y para redondear, agreg\u00f3 que \u201cen la Argentina y en la provincia del Chaco, la evoluci\u00f3n de los medios de comunicaci\u00f3n fue asim\u00e9trica. Sabemos que no todos los medios de nuestro pa\u00eds tienen el mismo criterio de construcci\u00f3n de la verdad y est\u00e1n usando herramientas como el fake news para romper la cohesi\u00f3n social y el sentido de la democracia. Hoy el mundo global pretende destruir la estabilidad de la gobernanza y la estabilidad de los sistemas democr\u00e1ticos que pugnan por la garant\u00eda de derechos: no seamos c\u00f3mplices de esas operaciones de grupos corporativos que, a trav\u00e9s de los medios de comunicaci\u00f3n, buscan destruir la democracia y la libertad de expresi\u00f3n\u201d.<\/p>\n","protected":false},"excerpt":{"rendered":"<p>El gobernador Jorge Capitanich agasaj\u00f3 a los periodistas en su d\u00eda con una \u201cconferencia\u201d en la que expuso una vez m\u00e1s el discurso que replica en todas las entrevistas period\u00edsticas tanto con medios locales como nacionales. La cita fue en el Sal\u00f3n Obligado, de la Casa de Gobierno, rodeado de funcionarios y candidatos del Frente [&hellip;]<\/p>\n","protected":false},"author":1,"featured_media":2529,"comment_status":"open","ping_status":"open","sticky":false,"template":"","format":"standard","meta":{"footnotes":""},"categories":[27],"tags":[1795,29,1794,37,1124,1388,1797,1052,1796],"class_list":["post-2528","post","type-post","status-publish","format-standard","has-post-thumbnail","hentry","category-politica","tag-candidatos","tag-capitanich","tag-casa-de-gobiernbo","tag-chaco","tag-democracia","tag-discurso","tag-fake","tag-frente-chaqueno","tag-periodistas"],"_links":{"self":[{"href":"https:\/\/hdpnoticias.com.ar\/index.php?rest_route=\/wp\/v2\/posts\/2528","targetHints":{"allow":["GET"]}}],"collection":[{"href":"https:\/\/hdpnoticias.com.ar\/index.php?rest_route=\/wp\/v2\/posts"}],"about":[{"href":"https:\/\/hdpnoticias.com.ar\/index.php?rest_route=\/wp\/v2\/types\/post"}],"author":[{"embeddable":true,"href":"https:\/\/hdpnoticias.com.ar\/index.php?rest_route=\/wp\/v2\/users\/1"}],"replies":[{"embeddable":true,"href":"https:\/\/hdpnoticias.com.ar\/index.php?rest_route=%2Fwp%2Fv2%2Fcomments&post=2528"}],"version-history":[{"count":3,"href":"https:\/\/hdpnoticias.com.ar\/index.php?rest_route=\/wp\/v2\/posts\/2528\/revisions"}],"predecessor-version":[{"id":3101,"href":"https:\/\/hdpnoticias.com.ar\/index.php?rest_route=\/wp\/v2\/posts\/2528\/revisions\/3101"}],"wp:featuredmedia":[{"embeddable":true,"href":"https:\/\/hdpnoticias.com.ar\/index.php?rest_route=\/wp\/v2\/media\/2529"}],"wp:attachment":[{"href":"https:\/\/hdpnoticias.com.ar\/index.php?rest_route=%2Fwp%2Fv2%2Fmedia&parent=2528"}],"wp:term":[{"taxonomy":"category","embeddable":true,"href":"https:\/\/hdpnoticias.com.ar\/index.php?rest_route=%2Fwp%2Fv2%2Fcategories&post=2528"},{"taxonomy":"post_tag","embeddable":true,"href":"https:\/\/hdpnoticias.com.ar\/index.php?rest_route=%2Fwp%2Fv2%2Ftags&post=2528"}],"curies":[{"name":"wp","href":"https:\/\/api.w.org\/{rel}","templated":true}]}}