{"id":2510,"date":"2023-06-07T06:39:49","date_gmt":"2023-06-07T09:39:49","guid":{"rendered":"http:\/\/hdpnoticias.com.ar\/?p=2510"},"modified":"2023-06-07T06:46:36","modified_gmt":"2023-06-07T09:46:36","slug":"puertos-sin-dragado-ya-no-entran-barcazas-con-combustible-y-vuelve-la-bajante","status":"publish","type":"post","link":"https:\/\/hdpnoticias.com.ar\/?p=2510","title":{"rendered":"Puertos sin dragado: ya no entran barcazas con combustible y vuelve la bajante"},"content":{"rendered":"\n<p>El convenio firmado por el gobernador Jorge Capitanich con la compa\u00f1\u00eda belga Jan de Nul para la explotaci\u00f3n del riacho Barranqueras a cambio del dragado y mantenimiento de esa v\u00eda no pas\u00f3 de los titulares period\u00edsticos.<\/p>\n\n\n\n<p>El gobernador abord\u00f3 una draga para conocer su funcionamiento y anunciar el inicio de los trabajos que deb\u00eda centrarse en los muelles de la Compa\u00f1\u00eda Log\u00edstica del Norte en la ex Junta Nacional de Granos, el Puerto Barranqueras y las petroleras YPF, en Barranqueras, y Shell, en Puerto Vilelas.<\/p>\n\n\n\n<p>Poco despu\u00e9s Shell anunciaba el cierre definitivo de su planta por la imposibilidad de realizar operaciones fluviales, y a partir de ese momento transportar\u00eda combustible exclusivamente en camiones.<\/p>\n\n\n\n<p>La semana pasada el gerente operativo de Colono: Juan Camarasa, confirm\u00f3 que s\u00f3lo pod\u00edan despachar cargas en camiones ya que estaba vedada la navegabilidad del riacho por la falta de calado.<\/p>\n\n\n\n<p>Esta semana el administrador del Puerto Barranqueras: Roberto Ben\u00edtez, admiti\u00f3 que no hay operaciones fluviales desde el inicio de la bajante, hace m\u00e1s de 3 a\u00f1os, y que la \u00faltima carga en barcazas sobre el riacho parti\u00f3 desde el muelle de Colono entre octubre y noviembre de 2022.<\/p>\n\n\n\n<p>Adem\u00e1s, este funcionario confirm\u00f3 que a pesar de que la cota se encuentra en torno a los 2,40 metros, ya no pueden ingresar barcazas con combustible y que, por el momento, s\u00f3lo es posible la navegabilidad de peque\u00f1os barcos areneros.<\/p>\n\n\n\n<p>Hist\u00f3ricamente, con una cota de 2,40 medida en el hidr\u00f3metro de Prefectura Naval Argentina en Barranqueras, la navegaci\u00f3n era normal en todo el complejo portuario, pero desde hace varios a\u00f1os esa marca se torn\u00f3 meramente \u201cnominal\u201d, porque ya no representa el calado necesario, producto del abandono de las tareas de dragado.<\/p>\n\n\n\n<p>Pero la situaci\u00f3n se torna a\u00fan m\u00e1s compleja por el inicio de otra bajante que los pronosticadores creen que se extender\u00e1 por varios meses, aunque no llegar\u00eda a los niveles de la \u00faltima. Este mi\u00e9rcoles la altura del r\u00edo Paran\u00e1 en Barranqueras es de 1,97.<\/p>\n","protected":false},"excerpt":{"rendered":"<p>El convenio firmado por el gobernador Jorge Capitanich con la compa\u00f1\u00eda belga Jan de Nul para la explotaci\u00f3n del riacho Barranqueras a cambio del dragado y mantenimiento de esa v\u00eda no pas\u00f3 de los titulares period\u00edsticos. El gobernador abord\u00f3 una draga para conocer su funcionamiento y anunciar el inicio de los trabajos que deb\u00eda centrarse [&hellip;]<\/p>\n","protected":false},"author":1,"featured_media":2511,"comment_status":"open","ping_status":"open","sticky":false,"template":"","format":"standard","meta":{"footnotes":""},"categories":[6],"tags":[193,53,1779,1715,192,1780,191,1712,1711,1778,915],"class_list":["post-2510","post","type-post","status-publish","format-standard","has-post-thumbnail","hentry","category-info-general","tag-bajante","tag-barranqueras","tag-benitez","tag-camarasa","tag-dragado","tag-jan-de-nul","tag-parana","tag-prefectura","tag-puerto","tag-shel","tag-ypf"],"_links":{"self":[{"href":"https:\/\/hdpnoticias.com.ar\/index.php?rest_route=\/wp\/v2\/posts\/2510","targetHints":{"allow":["GET"]}}],"collection":[{"href":"https:\/\/hdpnoticias.com.ar\/index.php?rest_route=\/wp\/v2\/posts"}],"about":[{"href":"https:\/\/hdpnoticias.com.ar\/index.php?rest_route=\/wp\/v2\/types\/post"}],"author":[{"embeddable":true,"href":"https:\/\/hdpnoticias.com.ar\/index.php?rest_route=\/wp\/v2\/users\/1"}],"replies":[{"embeddable":true,"href":"https:\/\/hdpnoticias.com.ar\/index.php?rest_route=%2Fwp%2Fv2%2Fcomments&post=2510"}],"version-history":[{"count":2,"href":"https:\/\/hdpnoticias.com.ar\/index.php?rest_route=\/wp\/v2\/posts\/2510\/revisions"}],"predecessor-version":[{"id":2514,"href":"https:\/\/hdpnoticias.com.ar\/index.php?rest_route=\/wp\/v2\/posts\/2510\/revisions\/2514"}],"wp:featuredmedia":[{"embeddable":true,"href":"https:\/\/hdpnoticias.com.ar\/index.php?rest_route=\/wp\/v2\/media\/2511"}],"wp:attachment":[{"href":"https:\/\/hdpnoticias.com.ar\/index.php?rest_route=%2Fwp%2Fv2%2Fmedia&parent=2510"}],"wp:term":[{"taxonomy":"category","embeddable":true,"href":"https:\/\/hdpnoticias.com.ar\/index.php?rest_route=%2Fwp%2Fv2%2Fcategories&post=2510"},{"taxonomy":"post_tag","embeddable":true,"href":"https:\/\/hdpnoticias.com.ar\/index.php?rest_route=%2Fwp%2Fv2%2Ftags&post=2510"}],"curies":[{"name":"wp","href":"https:\/\/api.w.org\/{rel}","templated":true}]}}