{"id":2503,"date":"2023-06-06T20:59:32","date_gmt":"2023-06-06T23:59:32","guid":{"rendered":"http:\/\/hdpnoticias.com.ar\/?p=2503"},"modified":"2023-06-06T20:59:34","modified_gmt":"2023-06-06T23:59:34","slug":"de-vido-cree-que-capitanich-es-un-buen-candidato-para-el-frente-de-todos","status":"publish","type":"post","link":"https:\/\/hdpnoticias.com.ar\/?p=2503","title":{"rendered":"De Vido cree que Capitanich es un buen candidato para el Frente de Todos"},"content":{"rendered":"\n<p>El exministro de Planificaci\u00f3n Federal de N\u00e9stor Kirchner y Cristina Fern\u00e1ndez: Julio De Vido, condenado por delitos de corrupci\u00f3n, expres\u00f3 abiertamente su apoyo al gobernador de Chaco: Jorge Capitanich, como precandidato presidencial del Frente de Todos.<\/p>\n\n\n\n<p>De Vido consider\u00f3 \u201cmarginal\u201d la opini\u00f3n de Capitanich sobre el perfil que debe reunir el candidato del oficialismo, exigiendo haber ganado elecciones, experiencia en gobierno, y personalidad para liderar un gobierno, y pidi\u00f3 una oportunidad para un \u201cgobernador\u201d.<\/p>\n\n\n\n<p>Paralelamente, lo alent\u00f3 a exponer con claridad su aspiraci\u00f3n a integrar la f\u00f3rmula y avanzar hacia ah\u00ed para ocupar los espacios posibles en el escenario pol\u00edtico nacional en vez de insistir en la mera cr\u00edtica sobre el origen \u201ccentralista\u201d de los nombres en danza.<\/p>\n\n\n\n<p>Para el exfuncionario, las definiciones en el Frente de Todos deben llegar por un proceso electoral interno, y no por la intervenci\u00f3n del \u201cdedo\u201d, y se\u00f1al\u00f3 el fracaso en el que termin\u00f3 la decisi\u00f3n de Cristina de ungir a Alberto Fern\u00e1ndez en 2019.<\/p>\n\n\n\n<p><strong>Desaforado y preso<\/strong><\/p>\n\n\n\n<p>De Vido asumi\u00f3 como diputado nacional por el kirchnerista Frente para la Victoria pero en 2017 cuando fue requerido por la Justicia por m\u00faltiples procesamientos en causas por corrupci\u00f3n, fue desaforado y detenido con el aval de su propia bancada, actitud que lo distanci\u00f3 de la conducci\u00f3n del kirchnerismo.<\/p>\n\n\n\n<p>En octubre de 2018 De Vido fue condenado a 5 a\u00f1os y 8 meses de prisi\u00f3n por su responsabilidad en la tragedia ferroviaria de Once, en la que murieron 51 personas. Y en abril de 2022 sum\u00f3 4 a\u00f1os por la compra fraudulenta de trenes a Espa\u00f1a y Portugal.<\/p>\n\n\n\n<p>En ambos casos recibi\u00f3 la pena de inhabilitaci\u00f3n perpetua para desempe\u00f1ar cargos p\u00fablicos. Su carrera en la administraci\u00f3n p\u00fablica comenz\u00f3 en 1987 en el gobierno de Kirchner en Santa Cruz, y sigui\u00f3 en el gabinete nacional desde el inicio de la presidencia de Kirchner en 2003 hasta el final de la segunda presidencia de Cristina en 2015.<\/p>\n\n\n\n<p>En diciembre de 2019 sali\u00f3 de la c\u00e1rcel para cumplir prisi\u00f3n domiciliaria y en marzo de 2020 fue excarcelado en el marco de la causa que investiga el manejo de fondos p\u00fablicos destinados a la mina de R\u00edo Turbio.<\/p>\n","protected":false},"excerpt":{"rendered":"<p>El exministro de Planificaci\u00f3n Federal de N\u00e9stor Kirchner y Cristina Fern\u00e1ndez: Julio De Vido, condenado por delitos de corrupci\u00f3n, expres\u00f3 abiertamente su apoyo al gobernador de Chaco: Jorge Capitanich, como precandidato presidencial del Frente de Todos. De Vido consider\u00f3 \u201cmarginal\u201d la opini\u00f3n de Capitanich sobre el perfil que debe reunir el candidato del oficialismo, exigiendo [&hellip;]<\/p>\n","protected":false},"author":1,"featured_media":2504,"comment_status":"open","ping_status":"open","sticky":false,"template":"","format":"standard","meta":{"footnotes":""},"categories":[27],"tags":[29,291,453,1774,38,349,1775,610,59,454],"class_list":["post-2503","post","type-post","status-publish","format-standard","has-post-thumbnail","hentry","category-politica","tag-capitanich","tag-corrupcion","tag-cristina","tag-de-vido","tag-dedo","tag-frente-de-todos","tag-frente-para-la-victoria","tag-kirchner","tag-nestor","tag-presidente"],"_links":{"self":[{"href":"https:\/\/hdpnoticias.com.ar\/index.php?rest_route=\/wp\/v2\/posts\/2503","targetHints":{"allow":["GET"]}}],"collection":[{"href":"https:\/\/hdpnoticias.com.ar\/index.php?rest_route=\/wp\/v2\/posts"}],"about":[{"href":"https:\/\/hdpnoticias.com.ar\/index.php?rest_route=\/wp\/v2\/types\/post"}],"author":[{"embeddable":true,"href":"https:\/\/hdpnoticias.com.ar\/index.php?rest_route=\/wp\/v2\/users\/1"}],"replies":[{"embeddable":true,"href":"https:\/\/hdpnoticias.com.ar\/index.php?rest_route=%2Fwp%2Fv2%2Fcomments&post=2503"}],"version-history":[{"count":1,"href":"https:\/\/hdpnoticias.com.ar\/index.php?rest_route=\/wp\/v2\/posts\/2503\/revisions"}],"predecessor-version":[{"id":2505,"href":"https:\/\/hdpnoticias.com.ar\/index.php?rest_route=\/wp\/v2\/posts\/2503\/revisions\/2505"}],"wp:featuredmedia":[{"embeddable":true,"href":"https:\/\/hdpnoticias.com.ar\/index.php?rest_route=\/wp\/v2\/media\/2504"}],"wp:attachment":[{"href":"https:\/\/hdpnoticias.com.ar\/index.php?rest_route=%2Fwp%2Fv2%2Fmedia&parent=2503"}],"wp:term":[{"taxonomy":"category","embeddable":true,"href":"https:\/\/hdpnoticias.com.ar\/index.php?rest_route=%2Fwp%2Fv2%2Fcategories&post=2503"},{"taxonomy":"post_tag","embeddable":true,"href":"https:\/\/hdpnoticias.com.ar\/index.php?rest_route=%2Fwp%2Fv2%2Ftags&post=2503"}],"curies":[{"name":"wp","href":"https:\/\/api.w.org\/{rel}","templated":true}]}}