{"id":2356,"date":"2023-05-27T11:02:04","date_gmt":"2023-05-27T14:02:04","guid":{"rendered":"http:\/\/hdpnoticias.com.ar\/?p=2356"},"modified":"2023-05-27T11:02:09","modified_gmt":"2023-05-27T14:02:09","slug":"delincuentes-usan-chalecos-balisticos-de-la-policia-del-chaco-el-gobierno-no-tiene-explicacion","status":"publish","type":"post","link":"https:\/\/hdpnoticias.com.ar\/?p=2356","title":{"rendered":"Delincuentes usan chalecos bal\u00edsticos de la Polic\u00eda del Chaco: el Gobierno no tiene explicaci\u00f3n"},"content":{"rendered":"\n<p>El Ministerio de Seguridad y Justicia admiti\u00f3 el secuestro de chalecos antibalas pertenecientes a la Polic\u00eda del Chaco en allanamientos realizados recientemente en el marco de la investigaci\u00f3n de varios robos violentos.<\/p>\n\n\n\n<p>El asalto a un comerciante en la esquina de las avenidas Wilde y Rivadavia, en pleno centro de Resistencia, y el ocurrido en el barrio 500 Viviendas de Barranqueras, en el que fue baleado el exsubjefe de la Polic\u00eda: V\u00edctor Capomasi, son 2 de los episodios investigados.<\/p>\n\n\n\n<p>El Gobierno dijo haber detenido ya a los principales implicados en estos robos, pero no aport\u00f3 informaci\u00f3n de ning\u00fan tipo sobre los procedimientos, los elementos secuestrados, ni sobre los detenidos.<\/p>\n\n\n\n<p>A ra\u00edz de la desconfianza que despiertan los partes oficiales sobre el tema, volvi\u00f3 a la carga contra la sociedad y los medios de comunicaci\u00f3n para que se valgan exclusivamente de informaci\u00f3n oficial.<\/p>\n\n\n\n<p>Al respecto, asever\u00f3 que los chalecos secuestrados fueron adquiridos por la provincia en 2006, y puestos en servicio inmediatamente. Y agreg\u00f3 que ya no estaban en uso, pero desconoce c\u00f3mo fueron a parar a manos de la delincuencia, por lo que se instruy\u00f3 un sumario administrativo para determinar responsabilidades.<\/p>\n\n\n\n<p>Dependiendo del uso y el compuesto con el que fueron fabricados, estos chalecos tienen una vida \u00fatil de entre 5 y 10 por lo que vencieron entre 2010 y 2015, es decir, durante las gobernaciones anteriores del actual gobernador Jorge Capitanich.<\/p>\n\n\n\n<p>El protocolo indica la destrucci\u00f3n de los chalecos vencidos, lo que significa que estos fueron retirados de la Polic\u00eda antes de vencer o no fueron oportunamente destruidos.<\/p>\n","protected":false},"excerpt":{"rendered":"<p>El Ministerio de Seguridad y Justicia admiti\u00f3 el secuestro de chalecos antibalas pertenecientes a la Polic\u00eda del Chaco en allanamientos realizados recientemente en el marco de la investigaci\u00f3n de varios robos violentos. El asalto a un comerciante en la esquina de las avenidas Wilde y Rivadavia, en pleno centro de Resistencia, y el ocurrido en [&hellip;]<\/p>\n","protected":false},"author":1,"featured_media":2357,"comment_status":"open","ping_status":"open","sticky":false,"template":"","format":"standard","meta":{"footnotes":""},"categories":[26],"tags":[1673,53,1674,37,1672,588,55,49,1196,839],"class_list":["post-2356","post","type-post","status-publish","format-standard","has-post-thumbnail","hentry","category-policiales","tag-antibalas","tag-barranqueras","tag-capomasi","tag-chaco","tag-chalecos","tag-justicia","tag-policia","tag-resistencia","tag-robos","tag-seguridad"],"_links":{"self":[{"href":"https:\/\/hdpnoticias.com.ar\/index.php?rest_route=\/wp\/v2\/posts\/2356","targetHints":{"allow":["GET"]}}],"collection":[{"href":"https:\/\/hdpnoticias.com.ar\/index.php?rest_route=\/wp\/v2\/posts"}],"about":[{"href":"https:\/\/hdpnoticias.com.ar\/index.php?rest_route=\/wp\/v2\/types\/post"}],"author":[{"embeddable":true,"href":"https:\/\/hdpnoticias.com.ar\/index.php?rest_route=\/wp\/v2\/users\/1"}],"replies":[{"embeddable":true,"href":"https:\/\/hdpnoticias.com.ar\/index.php?rest_route=%2Fwp%2Fv2%2Fcomments&post=2356"}],"version-history":[{"count":1,"href":"https:\/\/hdpnoticias.com.ar\/index.php?rest_route=\/wp\/v2\/posts\/2356\/revisions"}],"predecessor-version":[{"id":2358,"href":"https:\/\/hdpnoticias.com.ar\/index.php?rest_route=\/wp\/v2\/posts\/2356\/revisions\/2358"}],"wp:featuredmedia":[{"embeddable":true,"href":"https:\/\/hdpnoticias.com.ar\/index.php?rest_route=\/wp\/v2\/media\/2357"}],"wp:attachment":[{"href":"https:\/\/hdpnoticias.com.ar\/index.php?rest_route=%2Fwp%2Fv2%2Fmedia&parent=2356"}],"wp:term":[{"taxonomy":"category","embeddable":true,"href":"https:\/\/hdpnoticias.com.ar\/index.php?rest_route=%2Fwp%2Fv2%2Fcategories&post=2356"},{"taxonomy":"post_tag","embeddable":true,"href":"https:\/\/hdpnoticias.com.ar\/index.php?rest_route=%2Fwp%2Fv2%2Ftags&post=2356"}],"curies":[{"name":"wp","href":"https:\/\/api.w.org\/{rel}","templated":true}]}}