{"id":2352,"date":"2023-05-26T20:47:13","date_gmt":"2023-05-26T23:47:13","guid":{"rendered":"http:\/\/hdpnoticias.com.ar\/?p=2352"},"modified":"2023-06-12T10:38:04","modified_gmt":"2023-06-12T13:38:04","slug":"campana-violenta-acribillaron-un-local-de-cer-en-fontana","status":"publish","type":"post","link":"https:\/\/hdpnoticias.com.ar\/?p=2352","title":{"rendered":"Campa\u00f1a violenta: acribillaron un local de CER en Fontana"},"content":{"rendered":"\n<p>La madrugada de este viernes un local del frente Corriente de Expresi\u00f3n Renovada (CER), que lidera el intendente de Resistencia y precandidato a gobernador: Gustavo Mart\u00ednez, ubicado en Brasil 1075, en Fontana, fue blanco de una balacera.<\/p>\n\n\n\n<p>El ataque se produjo en los primeros minutos de hoy, a d\u00edas del inicio de la campa\u00f1a proselitista hacia las primarias abiertas, simult\u00e1neas y obligatorias del 18 de junio.<\/p>\n\n\n\n<p>Desconocidos dispararon al menos 9 proyectiles, aparentemente, con una pistola calibre 9 mil\u00edmetros. Los balazos atravesaron el cristal de una ventana e impactaron contra las paredes internas.<\/p>\n\n\n\n<p>Ricardo Moreyra, precandidato a intendente de Fontana, lament\u00f3 el nivel de violencia y asegur\u00f3 que nada hac\u00eda prever semejante cosa.<\/p>\n\n\n\n<p>En el mismo sentido, agradeci\u00f3 que, por fortuna, los j\u00f3venes que habitualmente se encuentran a esa hora diagramando actividades, ya se hab\u00edan retirado.<\/p>\n\n\n\n<p>\u201cEsto pudo haber sido una tragedia. Hoy pod\u00edamos estar hablando de muertos\u201d, dijo.<\/p>\n\n\n\n<p>Los investigadores chequean las c\u00e1maras de seguridad de la zona para intentar identificar a los autores de los disparos.<\/p>\n","protected":false},"excerpt":{"rendered":"<p>La madrugada de este viernes un local del frente Corriente de Expresi\u00f3n Renovada (CER), que lidera el intendente de Resistencia y precandidato a gobernador: Gustavo Mart\u00ednez, ubicado en Brasil 1075, en Fontana, fue blanco de una balacera. El ataque se produjo en los primeros minutos de hoy, a d\u00edas del inicio de la campa\u00f1a proselitista [&hellip;]<\/p>\n","protected":false},"author":1,"featured_media":2353,"comment_status":"open","ping_status":"open","sticky":false,"template":"","format":"standard","meta":{"footnotes":""},"categories":[27],"tags":[1670,111,962,929,75,1669,1400,1010,245,49,1671],"class_list":["post-2352","post","type-post","status-publish","format-standard","has-post-thumbnail","hentry","category-politica","tag-9-milimetros","tag-acribillaron","tag-campana","tag-cer","tag-fontana","tag-gustavo-martinez","tag-intendente","tag-pistola","tag-primarias","tag-resistencia","tag-violenta"],"_links":{"self":[{"href":"https:\/\/hdpnoticias.com.ar\/index.php?rest_route=\/wp\/v2\/posts\/2352","targetHints":{"allow":["GET"]}}],"collection":[{"href":"https:\/\/hdpnoticias.com.ar\/index.php?rest_route=\/wp\/v2\/posts"}],"about":[{"href":"https:\/\/hdpnoticias.com.ar\/index.php?rest_route=\/wp\/v2\/types\/post"}],"author":[{"embeddable":true,"href":"https:\/\/hdpnoticias.com.ar\/index.php?rest_route=\/wp\/v2\/users\/1"}],"replies":[{"embeddable":true,"href":"https:\/\/hdpnoticias.com.ar\/index.php?rest_route=%2Fwp%2Fv2%2Fcomments&post=2352"}],"version-history":[{"count":4,"href":"https:\/\/hdpnoticias.com.ar\/index.php?rest_route=\/wp\/v2\/posts\/2352\/revisions"}],"predecessor-version":[{"id":2630,"href":"https:\/\/hdpnoticias.com.ar\/index.php?rest_route=\/wp\/v2\/posts\/2352\/revisions\/2630"}],"wp:featuredmedia":[{"embeddable":true,"href":"https:\/\/hdpnoticias.com.ar\/index.php?rest_route=\/wp\/v2\/media\/2353"}],"wp:attachment":[{"href":"https:\/\/hdpnoticias.com.ar\/index.php?rest_route=%2Fwp%2Fv2%2Fmedia&parent=2352"}],"wp:term":[{"taxonomy":"category","embeddable":true,"href":"https:\/\/hdpnoticias.com.ar\/index.php?rest_route=%2Fwp%2Fv2%2Fcategories&post=2352"},{"taxonomy":"post_tag","embeddable":true,"href":"https:\/\/hdpnoticias.com.ar\/index.php?rest_route=%2Fwp%2Fv2%2Ftags&post=2352"}],"curies":[{"name":"wp","href":"https:\/\/api.w.org\/{rel}","templated":true}]}}