{"id":2340,"date":"2023-05-25T21:11:55","date_gmt":"2023-05-26T00:11:55","guid":{"rendered":"http:\/\/hdpnoticias.com.ar\/?p=2340"},"modified":"2023-06-12T10:41:34","modified_gmt":"2023-06-12T13:41:34","slug":"timerman-hoy-milei-esta-primero-y-el-frente-de-todos-no-llega-al-balotaje","status":"publish","type":"post","link":"https:\/\/hdpnoticias.com.ar\/?p=2340","title":{"rendered":"Timerman: Hoy Milei est\u00e1 primero y el Frente de Todos no llega al balotaje"},"content":{"rendered":"\n<p>El consultor pol\u00edtico Ra\u00fal Timerman analiz\u00f3 la actualidad pol\u00edtica en la Televisi\u00f3n P\u00fablica tras el acto encabezado por la vicepresidente de la Naci\u00f3n: Cristina Fern\u00e1ndez, para conmemorar el 20\u00b0 aniversario de la asunci\u00f3n presidencial de N\u00e9stor Kirchner.<\/p>\n\n\n\n<p>En funci\u00f3n de los resultados de un relevamiento de la consultora Opin\u00f3n P\u00fablica, dijo que el Frente de Todos no est\u00e1 atravesando un buen momento y tiene un cami\u00f3n cuesta arriba hacia las elecciones: \u201cHoy el Frente de Todos no entra al balotaje\u201d, dijo.<\/p>\n\n\n\n<p>La misma medici\u00f3n arroja que, \u201choy, Milei ser\u00eda el m\u00e1s votado e ir\u00eda a segunda vuelta contra Juntos por el Cambio.<\/p>\n\n\n\n<p>Al fundamentar la adhesi\u00f3n a la candidatura de Milei, dijo que las propuestas y los temas planteados por \u00e9l son los m\u00e1s debatidos por la gente, lo que demuestra que su agenda despierta inter\u00e9s.<\/p>\n\n\n\n<p>Entre las coincidencias que encuentra entre el electorado y el candidato de La Libertad Avanza, se destaca la eliminaci\u00f3n del Ministerio de la Mujer y del Inadi, con m\u00e1s del 60% de adhesi\u00f3n.<\/p>\n\n\n\n<p>\u201cLo que la gente est\u00e1 convencida de que la gran mayor\u00eda de los pol\u00edticos es hip\u00f3crita, mientras Milei dice lo que piensa\u201d, sintetiz\u00f3.<\/p>\n","protected":false},"excerpt":{"rendered":"<p>El consultor pol\u00edtico Ra\u00fal Timerman analiz\u00f3 la actualidad pol\u00edtica en la Televisi\u00f3n P\u00fablica tras el acto encabezado por la vicepresidente de la Naci\u00f3n: Cristina Fern\u00e1ndez, para conmemorar el 20\u00b0 aniversario de la asunci\u00f3n presidencial de N\u00e9stor Kirchner. En funci\u00f3n de los resultados de un relevamiento de la consultora Opin\u00f3n P\u00fablica, dijo que el Frente de [&hellip;]<\/p>\n","protected":false},"author":1,"featured_media":2341,"comment_status":"open","ping_status":"open","sticky":false,"template":"","format":"standard","meta":{"footnotes":""},"categories":[27],"tags":[1617,453,246,349,1583,610,1319,59,1663,1662],"class_list":["post-2340","post","type-post","status-publish","format-standard","has-post-thumbnail","hentry","category-politica","tag-cambio","tag-cristina","tag-elecciones","tag-frente-de-todos","tag-juntos","tag-kirchner","tag-milei","tag-nestor","tag-opinion-publica","tag-timerman"],"_links":{"self":[{"href":"https:\/\/hdpnoticias.com.ar\/index.php?rest_route=\/wp\/v2\/posts\/2340","targetHints":{"allow":["GET"]}}],"collection":[{"href":"https:\/\/hdpnoticias.com.ar\/index.php?rest_route=\/wp\/v2\/posts"}],"about":[{"href":"https:\/\/hdpnoticias.com.ar\/index.php?rest_route=\/wp\/v2\/types\/post"}],"author":[{"embeddable":true,"href":"https:\/\/hdpnoticias.com.ar\/index.php?rest_route=\/wp\/v2\/users\/1"}],"replies":[{"embeddable":true,"href":"https:\/\/hdpnoticias.com.ar\/index.php?rest_route=%2Fwp%2Fv2%2Fcomments&post=2340"}],"version-history":[{"count":3,"href":"https:\/\/hdpnoticias.com.ar\/index.php?rest_route=\/wp\/v2\/posts\/2340\/revisions"}],"predecessor-version":[{"id":2632,"href":"https:\/\/hdpnoticias.com.ar\/index.php?rest_route=\/wp\/v2\/posts\/2340\/revisions\/2632"}],"wp:featuredmedia":[{"embeddable":true,"href":"https:\/\/hdpnoticias.com.ar\/index.php?rest_route=\/wp\/v2\/media\/2341"}],"wp:attachment":[{"href":"https:\/\/hdpnoticias.com.ar\/index.php?rest_route=%2Fwp%2Fv2%2Fmedia&parent=2340"}],"wp:term":[{"taxonomy":"category","embeddable":true,"href":"https:\/\/hdpnoticias.com.ar\/index.php?rest_route=%2Fwp%2Fv2%2Fcategories&post=2340"},{"taxonomy":"post_tag","embeddable":true,"href":"https:\/\/hdpnoticias.com.ar\/index.php?rest_route=%2Fwp%2Fv2%2Ftags&post=2340"}],"curies":[{"name":"wp","href":"https:\/\/api.w.org\/{rel}","templated":true}]}}