{"id":2219,"date":"2023-05-16T20:23:47","date_gmt":"2023-05-16T23:23:47","guid":{"rendered":"http:\/\/hdpnoticias.com.ar\/?p=2219"},"modified":"2023-05-16T20:23:49","modified_gmt":"2023-05-16T23:23:49","slug":"fin-del-operativo-clamor-cristina-ratifico-que-no-sera-candidata","status":"publish","type":"post","link":"https:\/\/hdpnoticias.com.ar\/?p=2219","title":{"rendered":"Fin del operativo clamor: Cristina ratific\u00f3 que no ser\u00e1 candidata"},"content":{"rendered":"\n<p>La vicepresidente de la Naci\u00f3n: Cristina Fern\u00e1ndez, anunci\u00f3 nuevamente que no ser\u00e1 candidata a ning\u00fan cargo electivo este a\u00f1o.<\/p>\n\n\n\n<p>A pesar de que el 6 de diciembre de 2022, tras ser condenada por corrupci\u00f3n, hab\u00eda adelantado que no integrar\u00eda las listas, se hab\u00eda montado desde algunos sectores del oficialismo y medios de comunicaci\u00f3n alineados con el Gobierno, una suerte de operativo clamor que deb\u00eda culminar con pr\u00f3ximo 25 de mayo con el anuncio de su candidatura presidencial.<\/p>\n\n\n\n<p>Pero Cristina precipit\u00f3 la definici\u00f3n y lo confirm\u00f3 a trav\u00e9s de una carta publicada en las redes sociales mientras el Partido Justicialista celebraba su Congreso en el estadio de Ferrocarril Oeste.<\/p>\n\n\n\n<p>En la misiva critica a la Corte Suprema de Justicia haciendo hincapi\u00e9 en su \u201cproscripci\u00f3n\u201d, como llama a la condena a inhabilitaci\u00f3n para desempe\u00f1ar cargos p\u00fablicos, a pesar de que el fallo no la invalida porque a\u00fan no est\u00e1 firme, lo que el propio Gobierno reconoce.<\/p>\n\n\n\n<p>En el p\u00e1rrafo dedicado al FMI cuestiona t\u00e1citamente a Mauricio Macri y al propio presidente Alberto Fern\u00e1ndez, al definirlos como \u201csin aptitud electoral\u201d como consecuencia de aceptar \u201cel programa del Fondo\u201d.<\/p>\n\n\n\n<p>Tambi\u00e9n dispar\u00f3 contra la pol\u00edtica econ\u00f3mica del gobierno que encabeza con Alberto por la inflaci\u00f3n descontrolada que sumerge en la pobreza a\u00fan a trabajadores registrados, algo que ya hab\u00eda dicho semanas atr\u00e1s.<\/p>\n\n\n\n<p>Para completar, critic\u00f3 la falta de un \u201cplan de gobierno que vuelva a enamorar a los argentinos\u201d.<\/p>\n","protected":false},"excerpt":{"rendered":"<p>La vicepresidente de la Naci\u00f3n: Cristina Fern\u00e1ndez, anunci\u00f3 nuevamente que no ser\u00e1 candidata a ning\u00fan cargo electivo este a\u00f1o. A pesar de que el 6 de diciembre de 2022, tras ser condenada por corrupci\u00f3n, hab\u00eda adelantado que no integrar\u00eda las listas, se hab\u00eda montado desde algunos sectores del oficialismo y medios de comunicaci\u00f3n alineados con [&hellip;]<\/p>\n","protected":false},"author":1,"featured_media":2220,"comment_status":"open","ping_status":"open","sticky":false,"template":"","format":"standard","meta":{"footnotes":""},"categories":[27],"tags":[68,1591,291,32,453,1098,239,195,454],"class_list":["post-2219","post","type-post","status-publish","format-standard","has-post-thumbnail","hentry","category-politica","tag-alberto","tag-condenada","tag-corrupcion","tag-corte","tag-cristina","tag-fmi","tag-inflacion","tag-macri","tag-presidente"],"_links":{"self":[{"href":"https:\/\/hdpnoticias.com.ar\/index.php?rest_route=\/wp\/v2\/posts\/2219","targetHints":{"allow":["GET"]}}],"collection":[{"href":"https:\/\/hdpnoticias.com.ar\/index.php?rest_route=\/wp\/v2\/posts"}],"about":[{"href":"https:\/\/hdpnoticias.com.ar\/index.php?rest_route=\/wp\/v2\/types\/post"}],"author":[{"embeddable":true,"href":"https:\/\/hdpnoticias.com.ar\/index.php?rest_route=\/wp\/v2\/users\/1"}],"replies":[{"embeddable":true,"href":"https:\/\/hdpnoticias.com.ar\/index.php?rest_route=%2Fwp%2Fv2%2Fcomments&post=2219"}],"version-history":[{"count":1,"href":"https:\/\/hdpnoticias.com.ar\/index.php?rest_route=\/wp\/v2\/posts\/2219\/revisions"}],"predecessor-version":[{"id":2221,"href":"https:\/\/hdpnoticias.com.ar\/index.php?rest_route=\/wp\/v2\/posts\/2219\/revisions\/2221"}],"wp:featuredmedia":[{"embeddable":true,"href":"https:\/\/hdpnoticias.com.ar\/index.php?rest_route=\/wp\/v2\/media\/2220"}],"wp:attachment":[{"href":"https:\/\/hdpnoticias.com.ar\/index.php?rest_route=%2Fwp%2Fv2%2Fmedia&parent=2219"}],"wp:term":[{"taxonomy":"category","embeddable":true,"href":"https:\/\/hdpnoticias.com.ar\/index.php?rest_route=%2Fwp%2Fv2%2Fcategories&post=2219"},{"taxonomy":"post_tag","embeddable":true,"href":"https:\/\/hdpnoticias.com.ar\/index.php?rest_route=%2Fwp%2Fv2%2Ftags&post=2219"}],"curies":[{"name":"wp","href":"https:\/\/api.w.org\/{rel}","templated":true}]}}