{"id":2197,"date":"2023-05-14T11:00:56","date_gmt":"2023-05-14T14:00:56","guid":{"rendered":"http:\/\/hdpnoticias.com.ar\/?p=2197"},"modified":"2023-06-12T11:07:37","modified_gmt":"2023-06-12T14:07:37","slug":"inflacion-descontrolada-perez-pons-habla-de-inestabilidad-y-una-economia-sin-rumbo","status":"publish","type":"post","link":"https:\/\/hdpnoticias.com.ar\/?p=2197","title":{"rendered":"Inflaci\u00f3n descontrolada: P\u00e9rez Pons habla de inestabilidad y una econom\u00eda sin rumbo"},"content":{"rendered":"\n<p>\u201cLa econom\u00eda no encuentra un rumbo de estabilidad y el principal factor del humor social, el bolsillo, encuentra dificultades para recuperarse por el movimiento de precios\u201d, admiti\u00f3 el ministro de Planificaci\u00f3n, Econom\u00eda e Infraestructura del Chaco: Santiago P\u00e9rez Pons.<\/p>\n\n\n\n<p>As\u00ed se expres\u00f3 despu\u00e9s de que el Indec difundiera otro \u00edndice de inflaci\u00f3n r\u00e9cord: 8,4 por ciento en abril, y 108,8% acumulado en los \u00faltimos 12 meses, todo empujado por las subas en los precios de los alimentos.<\/p>\n\n\n\n<p>\u201cEn tiempos de inestabilidad econ\u00f3mica y vacas flacas siempre emergen voces conservadoras\u201d, dijo para criticar las propuestas de quienes defini\u00f3 como \u201cantiestado\u201d, ya como precandidato a primer diputado provincial por la lista oficial \u201c17 de octubre\u201d, del Frente Chaque\u00f1o del gobernador Jorge Capitanich.<\/p>\n\n\n\n<p>\u201cComo Gobierno provincial no podemos hacer nada contra la inflaci\u00f3n\u201d, repite en cada entrevista para despegarse de las pol\u00edticas econ\u00f3micas del Gobierno nacional encabezado por Alberto y Cristina Fern\u00e1ndez.<\/p>\n\n\n\n<p>Ahora, aunque como legislador su campo de injerencia en la cuesti\u00f3n ser\u00e1 a\u00fan menor, habla de consolidar pol\u00edticas de Estado nacionales para frenar a sectores como el del precandidato presidencial Javier Milei, que supone que se convierten en una amenaza electoral gracias a la crisis econ\u00f3mica.<\/p>\n\n\n\n<p>El mismo temor hab\u00eda expresado el mismo Capitanich semanas atr\u00e1s durante una gira por medios nacionales: <strong><a rel=\"noreferrer noopener\" href=\"http:\/\/hdpnoticias.com.ar\/?p=1900\" target=\"_blank\">\u201cMilei crece porque nosotros dejamos de expresar rebeld\u00eda\u201d<\/a><\/strong>, dijo al criticar al PJ al que ve convertido en \u201cun partico conservador, de c\u00fapulas\u201d.<\/p>\n","protected":false},"excerpt":{"rendered":"<p>\u201cLa econom\u00eda no encuentra un rumbo de estabilidad y el principal factor del humor social, el bolsillo, encuentra dificultades para recuperarse por el movimiento de precios\u201d, admiti\u00f3 el ministro de Planificaci\u00f3n, Econom\u00eda e Infraestructura del Chaco: Santiago P\u00e9rez Pons. As\u00ed se expres\u00f3 despu\u00e9s de que el Indec difundiera otro \u00edndice de inflaci\u00f3n r\u00e9cord: 8,4 por [&hellip;]<\/p>\n","protected":false},"author":1,"featured_media":907,"comment_status":"open","ping_status":"open","sticky":false,"template":"","format":"standard","meta":{"footnotes":""},"categories":[27],"tags":[68,29,453,434,1052,1565,239,1319,235,1564],"class_list":["post-2197","post","type-post","status-publish","format-standard","has-post-thumbnail","hentry","category-politica","tag-alberto","tag-capitanich","tag-cristina","tag-economia","tag-frente-chaqueno","tag-inestabilidad","tag-inflacion","tag-milei","tag-perez-pons","tag-vacas-flacas"],"_links":{"self":[{"href":"https:\/\/hdpnoticias.com.ar\/index.php?rest_route=\/wp\/v2\/posts\/2197","targetHints":{"allow":["GET"]}}],"collection":[{"href":"https:\/\/hdpnoticias.com.ar\/index.php?rest_route=\/wp\/v2\/posts"}],"about":[{"href":"https:\/\/hdpnoticias.com.ar\/index.php?rest_route=\/wp\/v2\/types\/post"}],"author":[{"embeddable":true,"href":"https:\/\/hdpnoticias.com.ar\/index.php?rest_route=\/wp\/v2\/users\/1"}],"replies":[{"embeddable":true,"href":"https:\/\/hdpnoticias.com.ar\/index.php?rest_route=%2Fwp%2Fv2%2Fcomments&post=2197"}],"version-history":[{"count":3,"href":"https:\/\/hdpnoticias.com.ar\/index.php?rest_route=\/wp\/v2\/posts\/2197\/revisions"}],"predecessor-version":[{"id":2652,"href":"https:\/\/hdpnoticias.com.ar\/index.php?rest_route=\/wp\/v2\/posts\/2197\/revisions\/2652"}],"wp:featuredmedia":[{"embeddable":true,"href":"https:\/\/hdpnoticias.com.ar\/index.php?rest_route=\/wp\/v2\/media\/907"}],"wp:attachment":[{"href":"https:\/\/hdpnoticias.com.ar\/index.php?rest_route=%2Fwp%2Fv2%2Fmedia&parent=2197"}],"wp:term":[{"taxonomy":"category","embeddable":true,"href":"https:\/\/hdpnoticias.com.ar\/index.php?rest_route=%2Fwp%2Fv2%2Fcategories&post=2197"},{"taxonomy":"post_tag","embeddable":true,"href":"https:\/\/hdpnoticias.com.ar\/index.php?rest_route=%2Fwp%2Fv2%2Ftags&post=2197"}],"curies":[{"name":"wp","href":"https:\/\/api.w.org\/{rel}","templated":true}]}}