{"id":2173,"date":"2023-05-12T07:45:13","date_gmt":"2023-05-12T10:45:13","guid":{"rendered":"http:\/\/hdpnoticias.com.ar\/?p=2173"},"modified":"2023-05-12T07:45:15","modified_gmt":"2023-05-12T10:45:15","slug":"manzur-renuncio-a-su-candidatura-pero-aun-no-habra-elecciones-en-tucuman","status":"publish","type":"post","link":"https:\/\/hdpnoticias.com.ar\/?p=2173","title":{"rendered":"Manzur renunci\u00f3 a su candidatura pero a\u00fan no habr\u00e1 elecciones en Tucum\u00e1n"},"content":{"rendered":"\n<p>La Corte Suprema de Justicia de la Naci\u00f3n suspendi\u00f3 esta semana las elecciones en Tucum\u00e1n y San Juan convocadas para este domingo por considerar que Juan Manzur y Sergio U\u00f1ac, respectivamente, incumpl\u00edan con lo que dicta la Constituci\u00f3n respecto de las reelecciones.<\/p>\n\n\n\n<p>Manzur pidi\u00f3 infructuosamente a la Corte revertir la decisi\u00f3n, y ante la negativa declin\u00f3 a su postulaci\u00f3n a la vicegobernaci\u00f3n acompa\u00f1ando al vicegobernador Osvaldo Jaldo, que encabezaba la f\u00f3rmula. Su lugar ser\u00e1 ocupado por el ministro del Interior: Miguel Acevedo.<\/p>\n\n\n\n<p>\u201cCon el vicegobernador hemos decidido declinar con mi postulaci\u00f3n. Lo hacemos al solo efecto de generar certeza. Nuestro espacio pol\u00edtico tiene hombres y mujeres de alt\u00edsimo nivel. Nunca estuvimos especulando con alg\u00fan cargo para seguir militando dentro del peronismo\u201d, dijo.<\/p>\n\n\n\n<p>Tras esto, pidi\u00f3 a la Corte la rehabilitaci\u00f3n del proceso electoral. De todos modos no habr\u00e1 elecciones este domingo por la imposibilidad de organizarlas en pocas horas, adem\u00e1s de la necesidad de reemplazar los votos por los de la nueva f\u00f3rmula.<\/p>\n","protected":false},"excerpt":{"rendered":"<p>La Corte Suprema de Justicia de la Naci\u00f3n suspendi\u00f3 esta semana las elecciones en Tucum\u00e1n y San Juan convocadas para este domingo por considerar que Juan Manzur y Sergio U\u00f1ac, respectivamente, incumpl\u00edan con lo que dicta la Constituci\u00f3n respecto de las reelecciones. Manzur pidi\u00f3 infructuosamente a la Corte revertir la decisi\u00f3n, y ante la negativa [&hellip;]<\/p>\n","protected":false},"author":1,"featured_media":2174,"comment_status":"open","ping_status":"open","sticky":false,"template":"","format":"standard","meta":{"footnotes":""},"categories":[27],"tags":[32,246,1514,167,350,1513,170,1516],"class_list":["post-2173","post","type-post","status-publish","format-standard","has-post-thumbnail","hentry","category-politica","tag-corte","tag-elecciones","tag-jaldo","tag-manzur","tag-reeleccion","tag-san-juan","tag-tucuman","tag-unac"],"_links":{"self":[{"href":"https:\/\/hdpnoticias.com.ar\/index.php?rest_route=\/wp\/v2\/posts\/2173","targetHints":{"allow":["GET"]}}],"collection":[{"href":"https:\/\/hdpnoticias.com.ar\/index.php?rest_route=\/wp\/v2\/posts"}],"about":[{"href":"https:\/\/hdpnoticias.com.ar\/index.php?rest_route=\/wp\/v2\/types\/post"}],"author":[{"embeddable":true,"href":"https:\/\/hdpnoticias.com.ar\/index.php?rest_route=\/wp\/v2\/users\/1"}],"replies":[{"embeddable":true,"href":"https:\/\/hdpnoticias.com.ar\/index.php?rest_route=%2Fwp%2Fv2%2Fcomments&post=2173"}],"version-history":[{"count":1,"href":"https:\/\/hdpnoticias.com.ar\/index.php?rest_route=\/wp\/v2\/posts\/2173\/revisions"}],"predecessor-version":[{"id":2175,"href":"https:\/\/hdpnoticias.com.ar\/index.php?rest_route=\/wp\/v2\/posts\/2173\/revisions\/2175"}],"wp:featuredmedia":[{"embeddable":true,"href":"https:\/\/hdpnoticias.com.ar\/index.php?rest_route=\/wp\/v2\/media\/2174"}],"wp:attachment":[{"href":"https:\/\/hdpnoticias.com.ar\/index.php?rest_route=%2Fwp%2Fv2%2Fmedia&parent=2173"}],"wp:term":[{"taxonomy":"category","embeddable":true,"href":"https:\/\/hdpnoticias.com.ar\/index.php?rest_route=%2Fwp%2Fv2%2Fcategories&post=2173"},{"taxonomy":"post_tag","embeddable":true,"href":"https:\/\/hdpnoticias.com.ar\/index.php?rest_route=%2Fwp%2Fv2%2Ftags&post=2173"}],"curies":[{"name":"wp","href":"https:\/\/api.w.org\/{rel}","templated":true}]}}