{"id":2116,"date":"2023-05-10T09:07:46","date_gmt":"2023-05-10T12:07:46","guid":{"rendered":"http:\/\/hdpnoticias.com.ar\/?p=2116"},"modified":"2023-06-12T11:02:33","modified_gmt":"2023-06-12T14:02:33","slug":"honcheruk-cambio-de-idea-destaca-la-identidad-y-pertenencia-peronista-de-perez-pons","status":"publish","type":"post","link":"https:\/\/hdpnoticias.com.ar\/?p=2116","title":{"rendered":"Honcheruk cambi\u00f3 de idea: destaca la identidad y pertenencia peronista de P\u00e9rez Pons"},"content":{"rendered":"\n<p><strong><a rel=\"noreferrer noopener\" href=\"http:\/\/hdpnoticias.com.ar\/?p=1466\" target=\"_blank\">\u201cLos funcionarios no tienen pertenencia ni identidad pol\u00edtica\u201d <\/a><\/strong>hab\u00eda dicho el diputado provincial Atlanto Honcheruk algunas semanas atr\u00e1s sobre el gabinete de Jorge Capitanich en una entrevista en Norte. \u201cAs\u00ed es muy dif\u00edcil poner en pr\u00e1ctica la vocaci\u00f3n peronista y cristiana\u201d, hab\u00eda concluido.<\/p>\n\n\n\n<p>Y en t\u00e9rminos electorales, tach\u00f3 al \u201cconductor\u201d de \u201cfalto de di\u00e1logo y humildad\u201d, e incluso hab\u00eda visto \u201ccierta soberbia\u201d que \u201cimpide al peronismo construir mayor\u00edas\u201d.<\/p>\n\n\n\n<p>Su visi\u00f3n fue reprobada por varios funcionarios y sus propios compa\u00f1eros de bancada que plantearon que si no estaba de acuerdo deb\u00eda dar \u201cun paso al costado\u201d y renunciar a la jefatura del interbloque del Frente de Todos.<\/p>\n\n\n\n<p>Pero su mirada cambi\u00f3 tras la conformaci\u00f3n de las listas de candidatos. \u201cLlegamos a un entendimiento\u201d, dio al comprometerse a aunar esfuerzos para lograr un triunfo del Frente Chaque\u00f1o.<\/p>\n\n\n\n<p>As\u00ed dej\u00f3 de lado las cr\u00edticas a funcionarios sin pertenencia ni identidad pol\u00edtica para respaldar plenamente la lista de candidatos a diputados provinciales encabezada por el ministro de Planificaci\u00f3n, Econom\u00eda e Infraestructura, Santiago P\u00e9rez Pons, que lleg\u00f3 al Gobierno provincial respaldado por la experiencia adquirida en las gestiones de Mauricio Macri y Mar\u00eda Eugenia Vidal, en la Naci\u00f3n y el gobierno bonaerense.<\/p>\n\n\n\n<p>Naturalmente, tambi\u00e9n impulsa la candidatura a la reelecci\u00f3n de Capitanich.<\/p>\n","protected":false},"excerpt":{"rendered":"<p>\u201cLos funcionarios no tienen pertenencia ni identidad pol\u00edtica\u201d hab\u00eda dicho el diputado provincial Atlanto Honcheruk algunas semanas atr\u00e1s sobre el gabinete de Jorge Capitanich en una entrevista en Norte. \u201cAs\u00ed es muy dif\u00edcil poner en pr\u00e1ctica la vocaci\u00f3n peronista y cristiana\u201d, hab\u00eda concluido. Y en t\u00e9rminos electorales, tach\u00f3 al \u201cconductor\u201d de \u201cfalto de di\u00e1logo y [&hellip;]<\/p>\n","protected":false},"author":1,"featured_media":2117,"comment_status":"open","ping_status":"open","sticky":false,"template":"","format":"standard","meta":{"footnotes":""},"categories":[27],"tags":[29,71,434,1052,349,1523,195,235,573],"class_list":["post-2116","post","type-post","status-publish","format-standard","has-post-thumbnail","hentry","category-politica","tag-capitanich","tag-diputados","tag-economia","tag-frente-chaqueno","tag-frente-de-todos","tag-honcheruk","tag-macri","tag-perez-pons","tag-vidal"],"_links":{"self":[{"href":"https:\/\/hdpnoticias.com.ar\/index.php?rest_route=\/wp\/v2\/posts\/2116","targetHints":{"allow":["GET"]}}],"collection":[{"href":"https:\/\/hdpnoticias.com.ar\/index.php?rest_route=\/wp\/v2\/posts"}],"about":[{"href":"https:\/\/hdpnoticias.com.ar\/index.php?rest_route=\/wp\/v2\/types\/post"}],"author":[{"embeddable":true,"href":"https:\/\/hdpnoticias.com.ar\/index.php?rest_route=\/wp\/v2\/users\/1"}],"replies":[{"embeddable":true,"href":"https:\/\/hdpnoticias.com.ar\/index.php?rest_route=%2Fwp%2Fv2%2Fcomments&post=2116"}],"version-history":[{"count":3,"href":"https:\/\/hdpnoticias.com.ar\/index.php?rest_route=\/wp\/v2\/posts\/2116\/revisions"}],"predecessor-version":[{"id":2648,"href":"https:\/\/hdpnoticias.com.ar\/index.php?rest_route=\/wp\/v2\/posts\/2116\/revisions\/2648"}],"wp:featuredmedia":[{"embeddable":true,"href":"https:\/\/hdpnoticias.com.ar\/index.php?rest_route=\/wp\/v2\/media\/2117"}],"wp:attachment":[{"href":"https:\/\/hdpnoticias.com.ar\/index.php?rest_route=%2Fwp%2Fv2%2Fmedia&parent=2116"}],"wp:term":[{"taxonomy":"category","embeddable":true,"href":"https:\/\/hdpnoticias.com.ar\/index.php?rest_route=%2Fwp%2Fv2%2Fcategories&post=2116"},{"taxonomy":"post_tag","embeddable":true,"href":"https:\/\/hdpnoticias.com.ar\/index.php?rest_route=%2Fwp%2Fv2%2Ftags&post=2116"}],"curies":[{"name":"wp","href":"https:\/\/api.w.org\/{rel}","templated":true}]}}