{"id":2106,"date":"2023-05-09T18:03:16","date_gmt":"2023-05-09T21:03:16","guid":{"rendered":"http:\/\/hdpnoticias.com.ar\/?p=2106"},"modified":"2023-05-09T18:03:19","modified_gmt":"2023-05-09T21:03:19","slug":"reelecciones-la-corte-suprema-suspendio-las-elecciones-en-san-juan-y-tucuman","status":"publish","type":"post","link":"https:\/\/hdpnoticias.com.ar\/?p=2106","title":{"rendered":"Reelecciones: la Corte Suprema suspendi\u00f3 las elecciones en San Juan y Tucum\u00e1n"},"content":{"rendered":"\n<p>Con la firma de Horacio Rosatti, Juan Carlos Maqueda y Carlos Rosenkrantz, la Corte Suprema declar\u00f3 su \u201ccompetencia originaria\u201d y suspendi\u00f3 las elecciones gubernamentales en San Juan y Tucum\u00e1n, previstas para el pr\u00f3ximo domingo.<\/p>\n\n\n\n<p>La decisi\u00f3n se da en respuesta a planteos hechos por la oposici\u00f3n en esas provincias contra las candidaturas de Sergio U\u00f1ac y Juan Manzur, que buscan ser reelectos.<\/p>\n\n\n\n<p>En Tucum\u00e1n, Germ\u00e1n Enrique Alfaro, titular del Partido por la Justicia Social, promovi\u00f3 una acci\u00f3n de amparo contra la Provincia de Tucum\u00e1n para que se declare la inconstitucionalidad de la habilitaci\u00f3n de Juan Luis Manzur como candidato a vicegobernador para el per\u00edodo 2023-2027. El planteo fue rechazado por la Justicia local y lleg\u00f3 a la Corte.<\/p>\n\n\n\n<p>El cuestionamiento apunta a la reelecci\u00f3n \u201cindefinida\u201d de Manzur, que entre 2007 y 2015 fue 2 per\u00edodos vicegobernador de Jos\u00e9 Alperovich, y en 2015 fue electo gobernador, reelecto en 2019, con Osvaldo Jaldo como vicegobernador en ambas oportunidades. Esta vez Jaldo es candidato a gobernador y Manzur a vice.<\/p>\n\n\n\n<p>El mismo planteo hace el frente Unidos por San Juan respecto del gobernador U\u00f1ac, y acudi\u00f3 a la Corte por una acci\u00f3n declarativa.<\/p>\n\n\n\n<p>U\u00f1ac fue electo vicegobernador en 2011, y gobernador en 2015 y 2019. La Constituci\u00f3n provincial s\u00f3lo permite 2 reelecciones al gobernador y vicegobernador, y mientras en la presentaci\u00f3n se se\u00f1ala que la de este a\u00f1o ser\u00eda la tercera reelecci\u00f3n, el oficialismo sanjuanino opina que reci\u00e9n es la segunda porque gobernador y vice son \u201c2 categor\u00edas diferentes\u201d.<\/p>\n\n\n\n<p>La Corte habilit\u00f3 la instancia para que las autoridades de ambas provincias se opongan y fij\u00f3 un plazo de 5 d\u00edas para la presentaci\u00f3n de sendos informes circunstanciados.<\/p>\n","protected":false},"excerpt":{"rendered":"<p>Con la firma de Horacio Rosatti, Juan Carlos Maqueda y Carlos Rosenkrantz, la Corte Suprema declar\u00f3 su \u201ccompetencia originaria\u201d y suspendi\u00f3 las elecciones gubernamentales en San Juan y Tucum\u00e1n, previstas para el pr\u00f3ximo domingo. La decisi\u00f3n se da en respuesta a planteos hechos por la oposici\u00f3n en esas provincias contra las candidaturas de Sergio U\u00f1ac [&hellip;]<\/p>\n","protected":false},"author":1,"featured_media":2107,"comment_status":"open","ping_status":"open","sticky":false,"template":"","format":"standard","meta":{"footnotes":""},"categories":[27],"tags":[32,246,244,1514,167,350,1513,33,170,1516,1316],"class_list":["post-2106","post","type-post","status-publish","format-standard","has-post-thumbnail","hentry","category-politica","tag-corte","tag-elecciones","tag-gobernador","tag-jaldo","tag-manzur","tag-reeleccion","tag-san-juan","tag-suprema","tag-tucuman","tag-unac","tag-vice"],"_links":{"self":[{"href":"https:\/\/hdpnoticias.com.ar\/index.php?rest_route=\/wp\/v2\/posts\/2106","targetHints":{"allow":["GET"]}}],"collection":[{"href":"https:\/\/hdpnoticias.com.ar\/index.php?rest_route=\/wp\/v2\/posts"}],"about":[{"href":"https:\/\/hdpnoticias.com.ar\/index.php?rest_route=\/wp\/v2\/types\/post"}],"author":[{"embeddable":true,"href":"https:\/\/hdpnoticias.com.ar\/index.php?rest_route=\/wp\/v2\/users\/1"}],"replies":[{"embeddable":true,"href":"https:\/\/hdpnoticias.com.ar\/index.php?rest_route=%2Fwp%2Fv2%2Fcomments&post=2106"}],"version-history":[{"count":1,"href":"https:\/\/hdpnoticias.com.ar\/index.php?rest_route=\/wp\/v2\/posts\/2106\/revisions"}],"predecessor-version":[{"id":2108,"href":"https:\/\/hdpnoticias.com.ar\/index.php?rest_route=\/wp\/v2\/posts\/2106\/revisions\/2108"}],"wp:featuredmedia":[{"embeddable":true,"href":"https:\/\/hdpnoticias.com.ar\/index.php?rest_route=\/wp\/v2\/media\/2107"}],"wp:attachment":[{"href":"https:\/\/hdpnoticias.com.ar\/index.php?rest_route=%2Fwp%2Fv2%2Fmedia&parent=2106"}],"wp:term":[{"taxonomy":"category","embeddable":true,"href":"https:\/\/hdpnoticias.com.ar\/index.php?rest_route=%2Fwp%2Fv2%2Fcategories&post=2106"},{"taxonomy":"post_tag","embeddable":true,"href":"https:\/\/hdpnoticias.com.ar\/index.php?rest_route=%2Fwp%2Fv2%2Ftags&post=2106"}],"curies":[{"name":"wp","href":"https:\/\/api.w.org\/{rel}","templated":true}]}}