{"id":2063,"date":"2023-05-06T10:38:07","date_gmt":"2023-05-06T13:38:07","guid":{"rendered":"http:\/\/hdpnoticias.com.ar\/?p=2063"},"modified":"2023-05-06T10:38:09","modified_gmt":"2023-05-06T13:38:09","slug":"empleado-municipal-murio-atropellado-por-un-colectivo-en-las-brenas","status":"publish","type":"post","link":"https:\/\/hdpnoticias.com.ar\/?p=2063","title":{"rendered":"Empleado municipal muri\u00f3 atropellado por un colectivo en Las Bre\u00f1as"},"content":{"rendered":"\n<p>Osvaldo Pascual Rold\u00e1n, un trabajador municipal de 51 a\u00f1os, muri\u00f3 el atardecer del viernes en un accidente de tr\u00e1nsito en Las Bre\u00f1as.<\/p>\n\n\n\n<p>Circulaba en una bicicleta playera por la ruta provincial 6 entre las calles Brasil y Paraguay cuando fue embestido por un micro de la compa\u00f1\u00eda 12 de Octubre.<\/p>\n\n\n\n<p>El impacto le caus\u00f3 lesiones que provocaron su muerte en el acto.<\/p>\n\n\n\n<p>Se investiga la mec\u00e1nica del siniestro que fue abonado por la visibilidad reducida por la escasa iluminaci\u00f3n y la llovizna que adem\u00e1s tornaba intransitables las banquinas y resbaladizo el pavimento.<\/p>\n","protected":false},"excerpt":{"rendered":"<p>Osvaldo Pascual Rold\u00e1n, un trabajador municipal de 51 a\u00f1os, muri\u00f3 el atardecer del viernes en un accidente de tr\u00e1nsito en Las Bre\u00f1as. Circulaba en una bicicleta playera por la ruta provincial 6 entre las calles Brasil y Paraguay cuando fue embestido por un micro de la compa\u00f1\u00eda 12 de Octubre. El impacto le caus\u00f3 lesiones [&hellip;]<\/p>\n","protected":false},"author":1,"featured_media":2064,"comment_status":"open","ping_status":"open","sticky":false,"template":"","format":"standard","meta":{"footnotes":""},"categories":[26],"tags":[322,374,488,388,1476,1477,1478,1475,652],"class_list":["post-2063","post","type-post","status-publish","format-standard","has-post-thumbnail","hentry","category-policiales","tag-accidente","tag-ciclista","tag-colectivo","tag-las-brenas","tag-municipal","tag-playera","tag-ruta-6","tag-trabajador","tag-transito-2"],"_links":{"self":[{"href":"https:\/\/hdpnoticias.com.ar\/index.php?rest_route=\/wp\/v2\/posts\/2063","targetHints":{"allow":["GET"]}}],"collection":[{"href":"https:\/\/hdpnoticias.com.ar\/index.php?rest_route=\/wp\/v2\/posts"}],"about":[{"href":"https:\/\/hdpnoticias.com.ar\/index.php?rest_route=\/wp\/v2\/types\/post"}],"author":[{"embeddable":true,"href":"https:\/\/hdpnoticias.com.ar\/index.php?rest_route=\/wp\/v2\/users\/1"}],"replies":[{"embeddable":true,"href":"https:\/\/hdpnoticias.com.ar\/index.php?rest_route=%2Fwp%2Fv2%2Fcomments&post=2063"}],"version-history":[{"count":1,"href":"https:\/\/hdpnoticias.com.ar\/index.php?rest_route=\/wp\/v2\/posts\/2063\/revisions"}],"predecessor-version":[{"id":2065,"href":"https:\/\/hdpnoticias.com.ar\/index.php?rest_route=\/wp\/v2\/posts\/2063\/revisions\/2065"}],"wp:featuredmedia":[{"embeddable":true,"href":"https:\/\/hdpnoticias.com.ar\/index.php?rest_route=\/wp\/v2\/media\/2064"}],"wp:attachment":[{"href":"https:\/\/hdpnoticias.com.ar\/index.php?rest_route=%2Fwp%2Fv2%2Fmedia&parent=2063"}],"wp:term":[{"taxonomy":"category","embeddable":true,"href":"https:\/\/hdpnoticias.com.ar\/index.php?rest_route=%2Fwp%2Fv2%2Fcategories&post=2063"},{"taxonomy":"post_tag","embeddable":true,"href":"https:\/\/hdpnoticias.com.ar\/index.php?rest_route=%2Fwp%2Fv2%2Ftags&post=2063"}],"curies":[{"name":"wp","href":"https:\/\/api.w.org\/{rel}","templated":true}]}}