{"id":2048,"date":"2023-05-05T10:28:47","date_gmt":"2023-05-05T13:28:47","guid":{"rendered":"http:\/\/hdpnoticias.com.ar\/?p=2048"},"modified":"2023-05-05T10:31:00","modified_gmt":"2023-05-05T13:31:00","slug":"un-libertario-menos-aguilar-se-bajo-de-la-precandidatura-a-gobernador","status":"publish","type":"post","link":"https:\/\/hdpnoticias.com.ar\/?p=2048","title":{"rendered":"Un libertario menos: Aguilar se baj\u00f3 de la precandidatura a gobernador"},"content":{"rendered":"\n<p>El exministro de Econom\u00eda de Jorge Capitanich: Eduardo Aguilar, que llegara a diputado provincial y presidente de la Legislatura, y a senador nacional por el oficialismo chaque\u00f1o, se hab\u00eda alistado para competir en las Paso como<strong><a href=\"http:\/\/hdpnoticias.com.ar\/?p=1969\" target=\"_blank\" rel=\"noreferrer noopener\"> precandidato a gobernador por el frente Libertarios en Acci\u00f3n<\/a><\/strong>, conformado por Acci\u00f3n Chaque\u00f1a y el Partido Libertario del Chaco.<\/p>\n\n\n\n<p>Pero el frente, que a nivel nacional impulsa la candidatura presidencial del diputado Javier Milei, se qued\u00f3 sin candidato.<\/p>\n\n\n\n<p>A 5 d\u00edas de agradecer la confianza y la postulaci\u00f3n, Aguilar cambi\u00f3 de idea y finalmente no competir\u00e1 por la gobernaci\u00f3n.<\/p>\n\n\n\n<p>Al fundamentar el desplante mencion\u00f3 \u201cdiferencias con los l\u00edderes libertarios\u201d. Algo que ya hab\u00eda adelantado respecto de la dolarizaci\u00f3n, la venta de \u00f3rganos y otras cuestiones que constituyen los ejes de la propuesta de Milei.<\/p>\n\n\n\n<p>A esto le sum\u00f3 que no le permit\u00edan \u201cdenunciar las mafias en la pol\u00edtica\u201d durante la campa\u00f1a.<\/p>\n\n\n\n<p>No obstante el retroceso en esta categor\u00eda, dijo que seguir\u00e1 adelante en procura de llegar a la intendencia de Resistencia, por su propio Frente por la Educaci\u00f3n y el Trabajo.<\/p>\n\n\n\n<p>Sin embargo, se dice que Libertarios en Acci\u00f3n hab\u00eda cuestionado su intenci\u00f3n de personalizar la campa\u00f1a exclusivamente con su imagen.<\/p>\n","protected":false},"excerpt":{"rendered":"<p>El exministro de Econom\u00eda de Jorge Capitanich: Eduardo Aguilar, que llegara a diputado provincial y presidente de la Legislatura, y a senador nacional por el oficialismo chaque\u00f1o, se hab\u00eda alistado para competir en las Paso como precandidato a gobernador por el frente Libertarios en Acci\u00f3n, conformado por Acci\u00f3n Chaque\u00f1a y el Partido Libertario del Chaco. [&hellip;]<\/p>\n","protected":false},"author":1,"featured_media":2049,"comment_status":"open","ping_status":"open","sticky":false,"template":"","format":"standard","meta":{"footnotes":""},"categories":[27],"tags":[1397,29,37,244,1400,45,1461,1319,49,1399],"class_list":["post-2048","post","type-post","status-publish","format-standard","has-post-thumbnail","hentry","category-politica","tag-aguilar","tag-capitanich","tag-chaco","tag-gobernador","tag-intendente","tag-legislatura","tag-libertarios","tag-milei","tag-resistencia","tag-senador"],"_links":{"self":[{"href":"https:\/\/hdpnoticias.com.ar\/index.php?rest_route=\/wp\/v2\/posts\/2048","targetHints":{"allow":["GET"]}}],"collection":[{"href":"https:\/\/hdpnoticias.com.ar\/index.php?rest_route=\/wp\/v2\/posts"}],"about":[{"href":"https:\/\/hdpnoticias.com.ar\/index.php?rest_route=\/wp\/v2\/types\/post"}],"author":[{"embeddable":true,"href":"https:\/\/hdpnoticias.com.ar\/index.php?rest_route=\/wp\/v2\/users\/1"}],"replies":[{"embeddable":true,"href":"https:\/\/hdpnoticias.com.ar\/index.php?rest_route=%2Fwp%2Fv2%2Fcomments&post=2048"}],"version-history":[{"count":2,"href":"https:\/\/hdpnoticias.com.ar\/index.php?rest_route=\/wp\/v2\/posts\/2048\/revisions"}],"predecessor-version":[{"id":2051,"href":"https:\/\/hdpnoticias.com.ar\/index.php?rest_route=\/wp\/v2\/posts\/2048\/revisions\/2051"}],"wp:featuredmedia":[{"embeddable":true,"href":"https:\/\/hdpnoticias.com.ar\/index.php?rest_route=\/wp\/v2\/media\/2049"}],"wp:attachment":[{"href":"https:\/\/hdpnoticias.com.ar\/index.php?rest_route=%2Fwp%2Fv2%2Fmedia&parent=2048"}],"wp:term":[{"taxonomy":"category","embeddable":true,"href":"https:\/\/hdpnoticias.com.ar\/index.php?rest_route=%2Fwp%2Fv2%2Fcategories&post=2048"},{"taxonomy":"post_tag","embeddable":true,"href":"https:\/\/hdpnoticias.com.ar\/index.php?rest_route=%2Fwp%2Fv2%2Ftags&post=2048"}],"curies":[{"name":"wp","href":"https:\/\/api.w.org\/{rel}","templated":true}]}}