{"id":1969,"date":"2023-04-30T11:13:44","date_gmt":"2023-04-30T14:13:44","guid":{"rendered":"http:\/\/hdpnoticias.com.ar\/?p=1969"},"modified":"2023-04-30T11:13:53","modified_gmt":"2023-04-30T14:13:53","slug":"aguilar-y-olivello-de-funcionarios-de-capitanich-a-candidatos-libertarios","status":"publish","type":"post","link":"https:\/\/hdpnoticias.com.ar\/?p=1969","title":{"rendered":"Aguilar y Olivello, de funcionarios de Capitanich a candidatos libertarios"},"content":{"rendered":"\n<p>Eduardo Aguilar, exministro de Econom\u00eda de Jorge Capitanich, exdiputado provincial y presidente de la Legislatura, y exsenador por el Frente Chaco Merece M\u00e1s, conform\u00f3 tiempo atr\u00e1s su partido Frente por la Educaci\u00f3n y el Trabajo, que inscribi\u00f3 para participar de las pr\u00f3ximas elecciones.<\/p>\n\n\n\n<p>El plan de Aguilar era buscar la intendencia de Resistencia, pero en las \u00faltimas horas cambi\u00f3 de planes a propuesta de \u201cpartidos nacionales, provinciales y municipales\u201d, como lo anunci\u00f3 en las redes sociales.<\/p>\n\n\n\n<p>Finalmente, competir\u00e1 en las primarias abiertas, simult\u00e1neas y obligatorias del 18 de junio como precandidato a gobernador por Libertarios en Acci\u00f3n, el frente integrado por Acci\u00f3n Chaque\u00f1a y el Partido Libertario del Chaco, este \u00faltimo alineado a nivel nacional con el l\u00edder de La Libertad Avanza: Javier Milei.<\/p>\n\n\n\n<p>En el otro cuerpo de la boleta aparece otro exfuncionario de Capitanich: el sargento Gustavo Olivello, devenido en comunicador social, que fuera subsecretario de Prevenci\u00f3n y Abordaje Territorial del Ministerio de Gobierno y Trabajo.<\/p>\n\n\n\n<p>Olivello fue la apuesta del gobierno para ponerle fin a los piquetes, principalmente en el microcentro de la capital provincial, pero fue echado del cargo por la presi\u00f3n de las organizaciones piqueteras sobre Capitanich.<\/p>\n\n\n\n<p>Ahora ser\u00e1 precandidato a intendente de Resistencia.<\/p>\n","protected":false},"excerpt":{"rendered":"<p>Eduardo Aguilar, exministro de Econom\u00eda de Jorge Capitanich, exdiputado provincial y presidente de la Legislatura, y exsenador por el Frente Chaco Merece M\u00e1s, conform\u00f3 tiempo atr\u00e1s su partido Frente por la Educaci\u00f3n y el Trabajo, que inscribi\u00f3 para participar de las pr\u00f3ximas elecciones. El plan de Aguilar era buscar la intendencia de Resistencia, pero en [&hellip;]<\/p>\n","protected":false},"author":1,"featured_media":1970,"comment_status":"open","ping_status":"open","sticky":false,"template":"","format":"standard","meta":{"footnotes":""},"categories":[27],"tags":[1397,29,37,434,244,1400,45,1319,1398,265,692,49,1399],"class_list":["post-1969","post","type-post","status-publish","format-standard","has-post-thumbnail","hentry","category-politica","tag-aguilar","tag-capitanich","tag-chaco","tag-economia","tag-gobernador","tag-intendente","tag-legislatura","tag-milei","tag-olivello","tag-piqueteros","tag-piquetes","tag-resistencia","tag-senador"],"_links":{"self":[{"href":"https:\/\/hdpnoticias.com.ar\/index.php?rest_route=\/wp\/v2\/posts\/1969","targetHints":{"allow":["GET"]}}],"collection":[{"href":"https:\/\/hdpnoticias.com.ar\/index.php?rest_route=\/wp\/v2\/posts"}],"about":[{"href":"https:\/\/hdpnoticias.com.ar\/index.php?rest_route=\/wp\/v2\/types\/post"}],"author":[{"embeddable":true,"href":"https:\/\/hdpnoticias.com.ar\/index.php?rest_route=\/wp\/v2\/users\/1"}],"replies":[{"embeddable":true,"href":"https:\/\/hdpnoticias.com.ar\/index.php?rest_route=%2Fwp%2Fv2%2Fcomments&post=1969"}],"version-history":[{"count":1,"href":"https:\/\/hdpnoticias.com.ar\/index.php?rest_route=\/wp\/v2\/posts\/1969\/revisions"}],"predecessor-version":[{"id":1971,"href":"https:\/\/hdpnoticias.com.ar\/index.php?rest_route=\/wp\/v2\/posts\/1969\/revisions\/1971"}],"wp:featuredmedia":[{"embeddable":true,"href":"https:\/\/hdpnoticias.com.ar\/index.php?rest_route=\/wp\/v2\/media\/1970"}],"wp:attachment":[{"href":"https:\/\/hdpnoticias.com.ar\/index.php?rest_route=%2Fwp%2Fv2%2Fmedia&parent=1969"}],"wp:term":[{"taxonomy":"category","embeddable":true,"href":"https:\/\/hdpnoticias.com.ar\/index.php?rest_route=%2Fwp%2Fv2%2Fcategories&post=1969"},{"taxonomy":"post_tag","embeddable":true,"href":"https:\/\/hdpnoticias.com.ar\/index.php?rest_route=%2Fwp%2Fv2%2Ftags&post=1969"}],"curies":[{"name":"wp","href":"https:\/\/api.w.org\/{rel}","templated":true}]}}